{"id":83621,"date":"2019-05-12T13:18:57","date_gmt":"2019-05-12T11:18:57","guid":{"rendered":"https:\/\/zjarr.tv\/?p=83621"},"modified":"2019-05-12T13:18:57","modified_gmt":"2019-05-12T11:18:57","slug":"braimllari-kemi-nje-minister-te-brendshem-palco","status":"publish","type":"post","link":"https:\/\/zjarr.tv\/en\/braimllari-kemi-nje-minister-te-brendshem-palco\/","title":{"rendered":"Braimllari: Kemi nj\u00eb minist\u00ebr t\u00eb Brendsh\u00ebm pal\u00e7o"},"content":{"rendered":"<p>Ish-deputeti i LSI Endrit Braimllari n\u00eb nj\u00eb prononcim p\u00ebr mediat tha se dhuna ndaj Sahit Dollapit tregon se Rama po godet edhe funksionar\u00eb t\u00eb lart\u00eb opozitar\u00eb, duke treguar fytyr\u00ebn e v\u00ebrtet\u00eb t\u00eb tij.<\/p>\n<p>\u201cEdi Rama ka humbur qet\u00ebsin\u00eb. Dhuna ndaj Dollapit tregoi fytyr\u00ebn e tij t\u00eb v\u00ebrtet\u00eb. \u00a0Si\u00e7 ka ndodhur me dollapin mbr\u00ebm\u00eb, ka ndodhur me qindra e mij\u00ebra protestues t\u00eb opozit\u00ebs, q\u00eb jan\u00eb dhunuar nga kjo polici politike dhe kriminale.<\/p>\n<p>Ja prononcimi nga protesta te Drejtoria e Policis\u00eb i Sekretarit t\u00eb P\u00ebrgjithshem t\u00eb LSI, Endrit Braimllari<\/p>\n<p><strong>Si \u00ebsht\u00eb p\u00ebr ju reagimi i policis\u00eb n\u00eb protest\u00ebn e fundit? Si e shihni?<\/strong><\/p>\n<p>Ne nuk kemi pasur dyshim q\u00eb policia e shtetit, me urdh\u00ebr politik t\u00eb Ram\u00ebs dhe t\u00eb Sand\u00ebr Lleshit, t\u00eb veproj\u00eb n\u00eb k\u00ebt\u00eb m\u00ebnyr\u00eb. Duket e qart\u00eb q\u00eb Edi Rama e ka humbur qet\u00ebsin\u00eb. Duket qart\u00eb q\u00eb Edi Rama po e drejton policin\u00eb e shtetit ne m\u00ebnyr\u00eb politike. Dhuna e ushtruar ndaj Sait Dollapit, sekretarit organizativ t\u00eb Partis\u00eb Demokratike, ishte nj\u00eb dhun\u00eb q\u00eb kalon \u00e7do p\u00ebrmes, tregon fytyr\u00ebn e v\u00ebrtet t\u00eb policis\u00eb s\u00eb shtetit, tregon fytyr\u00ebn e v\u00ebrtet t\u00eb atyre q\u00eb\u00a0 e urdh\u00ebruan. Nuk kishte asnj\u00eb arsye, forcat e nd\u00ebrhyrjes s\u00eb shpejt t\u00eb ushtronin dhun\u00eb ndaj nj\u00eb personi q\u00eb thjesht po protestonte. Ajo \u00e7far\u00eb ka ndodhur me Sait Dollapin, ka ndodhur me pjes\u00ebn m\u00eb t\u00eb madhe t\u00eb protestuesve, por Sait Dollapi, duke qen\u00eb sekretar i Partis\u00eb Demokratike, duke qen\u00eb se mediat ishin live, e pan\u00eb live sken\u00ebn. Por kemi par\u00eb, \u00ebsht\u00eb ushtruar dhun\u00eb k\u00ebtu dje, \u00ebsht\u00eb ushtruar dhun\u00eb n\u00eb \u00e7do rrugic\u00eb t\u00eb Tiran\u00ebs, \u00ebsht\u00eb ushtruar dhun\u00eb tek \u201cUra e Tabak\u00ebve\u201d dhe kudo.<\/p>\n<p>Njer\u00ebzit q\u00eb jan\u00eb shoq\u00ebruar n\u00eb drejtorin\u00eb e Tiran\u00ebs jan\u00eb shoq\u00ebruar pa as edhe nj\u00eb lloj procedure ligjore. Kap njer\u00ebz n\u00eb rrug\u00eb, shoq\u00ebro vet\u00ebm p\u00ebr t\u2019i b\u00ebr\u00eb presion. Jan\u00eb m\u00eb shum\u00eb se 100 t\u00eb shoq\u00ebruar dhe mos t\u00eb gaboj, mbi 50 t\u00eb proceduar nga Policia e Shtetit n\u00eb kund\u00ebrshtim me ligjin. Kjo edhe nj\u00eb her\u00eb tregon sjelljen e ul\u00ebt, sjelljen politike q\u00eb b\u00ebn policia. Policia duhet t\u00eb distancohet nga urdhrat e Edi Ram\u00ebs dhe Sand\u00ebr Lleshit sepse qytetar\u00ebt e k\u00ebtij vendi do ta ken\u00eb personale me Edi Ram\u00ebn dhe Sand\u00ebr Lleshaj p\u00ebr t\u00eb gjith\u00eb presionin, dhun\u00ebn q\u00eb kan\u00eb ushtruar sepse nuk ia fal njeri dhun\u00ebn e ushtruar ndaj grave, dhun\u00ebn e ushtruar ndaj f\u00ebmij\u00ebve por edhe dhun\u00ebn e ushtruar ndaj protestave paq\u00ebsore t\u00eb qytetar\u00ebve. Kjo tregon ngjarjet e 81-it n\u00eb Kosov\u00eb, kjo tregon ngjarjet e 91-it kur u ndryshuan sistemet komuniste jo vet\u00ebm n\u00eb Shqip\u00ebri por an\u00eb e mban\u00eb Europ\u00ebs, pra tregon qart\u00eb degradimin e Edi Ram\u00ebs. Edi Ram\u00ebs i ka ardhur fundi, Edi Rama po e mbyll drejtimin e vendit n\u00eb m\u00ebnyr\u00ebn m\u00eb t\u00eb turpshme, duke dhunuar qytetar\u00ebt e k\u00ebtij vendi.<\/p>\n<ol>\n<li><strong> Braimllari \u00e7far\u00eb do t\u00eb ndodh\u00eb nes\u00ebr?<\/strong><\/li>\n<\/ol>\n<p>Tani m\u00eb \u00e7do gj\u00eb \u00ebsht\u00eb n\u00eb dor\u00ebn e qytetar\u00ebve, qytetar\u00ebt nuk ia falin Edi Ram\u00ebs at\u00eb dhun\u00eb t\u00eb ushtruar ndaj tyre. Nuk ka pse t\u00eb dhunohen qytetar\u00ebt t\u00eb cil\u00ebt marrin pjes\u00eb paq\u00ebsisht n\u00eb protest\u00eb. Nuk ka pse t\u00eb l\u00ebndohen banor\u00eb t\u00eb cil\u00ebt nuk jan\u00eb pjes\u00eb e protest\u00ebs por faji i tyre i vet\u00ebm \u00ebsht\u00eb sepse q\u00ebndrojn\u00eb n\u00eb sht\u00ebpit\u00eb e tyre dhe Sand\u00ebr Lleshaj hedh gaz n\u00eb m\u00ebnyr\u00eb jo t\u00eb drejt\u00eb ndaj \u00e7do banori. \u00c7far\u00eb do t\u00eb ndodh\u00eb nes\u00ebr? Nes\u00ebr do e m\u00ebsoni skenarin e protest\u00ebs dhe ju siguroj q\u00eb do t\u00eb jet\u00eb madh\u00ebshtore pjes\u00ebmarrja. Dje ka qen\u00eb pjes\u00ebmarrje historike p\u00ebr opozit\u00ebn p\u00ebrs\u00ebri nes\u00ebr do t\u00eb jet\u00eb pjes\u00ebmarrje historike. Vrulli, energjia e qytetar\u00ebve nuk ndalet m\u00eb sepse qytetar\u00ebt tani m\u00eb protestojn\u00eb jo vet\u00ebm kund\u00ebr nj\u00eb Kryeministri q\u00eb ka varf\u00ebruar vendin, jo vet\u00ebm kund\u00ebr nj\u00eb Kryeministri q\u00eb largoi t\u00eb rinj dhe t\u00eb reja nga vendi, jo vet\u00ebm kund\u00ebr nj\u00eb Kryeministri q\u00eb shkat\u00ebrroi biznesin n\u00eb k\u00ebt\u00eb vend por nes\u00ebr qytetar\u00ebt do t\u00eb protestojn\u00eb edhe kund\u00ebr nj\u00eb kryeministri q\u00eb i ka dhunuar drejtp\u00ebrdrejt\u00eb qytetar\u00ebt.<\/p>\n<p><strong>A e quani ju t\u00eb drejt\u00eb k\u00ebt\u00eb lloj protest\u00eb, me molotov duke q\u00eblluar policin\u00eb, a \u00ebsht\u00eb e drejt\u00eb kjo?<\/strong><\/p>\n<p>A do quhet e drejt\u00eb dhuna dhe provokimi i hapur i komunikimit publik t\u00eb ministrit t\u00eb Brendsh\u00ebm ndaj protestuesve, i zv. Kryeministrit, i Elisa Spiropalit q\u00eb provokon hapur n\u00eb momentin kur protestuesit protestojn\u00eb n\u00eb m\u00ebnyr\u00eb paq\u00ebsore, pra Edi Rama e ka legjitimuar t\u00eb gjith\u00eb protest\u00ebn me provokimet publike, por edhe me provokimet me an\u00eb t\u00eb civil\u00ebve t\u00eb policis\u00eb brenda turm\u00ebs, por un\u00eb mendoj q\u00eb nuk \u00ebsht\u00eb ushtruar dhun\u00eb ndaj askujt, nuk \u00ebsht\u00eb dhunuar qoft\u00eb edhe nj\u00eb oficer policie, pse nuk raporton?<\/p>\n<p><strong>Ministri i Brendsh\u00ebm dje tha se jan\u00eb l\u00ebnduar 13 punonj\u00ebs policie dhe n\u00eb fakt edhe ne me pamjet filmike pam\u00eb q\u00eb molotov\u00ebt preknin edhe punonj\u00ebsit e policis\u00eb?<\/strong><\/p>\n<p>Jan\u00eb l\u00ebnduar 13 punonj\u00ebs policie nga m\u00ebnyra e gabuar q\u00eb vepron policia, se ata vet\u00eb kan\u00eb l\u00ebnduar nj\u00ebri tjetrin, nuk kemi asnj\u00eb raport, kemi nj\u00eb minist\u00ebr pala\u00e7o, kemi t\u00eb b\u00ebjm\u00eb m\u00eb nj\u00eb minist\u00ebr q\u00eb mashtron, me nj\u00eb minist\u00ebr q\u00eb do jet\u00eb koka e par\u00eb e turkut t\u00eb Edi Ram\u00ebs, ai \u00ebsht\u00eb pala\u00e7o nuk \u00ebsht\u00eb m\u00eb minist\u00ebr. Nj\u00eb njeri i till\u00eb, nj\u00eb Gjeneral i vdekur urdh\u00ebron forcat t\u00eb hedhin gaz lotsjell\u00ebs, urdh\u00ebron forcat t\u00eb godasin sekretarin organizativ t\u00eb nj\u00eb partie q\u00eb \u00ebsht\u00eb partia kryesore e opozit\u00ebs. Kjo tregon edhe nj\u00eb her\u00eb degradimin e Edi Ram\u00ebs dhe Sand\u00ebr Lleshajt.<\/p>\n<p>&nbsp;<\/p>","protected":false},"excerpt":{"rendered":"<p>Ish-deputeti i LSI Endrit Braimllari n\u00eb nj\u00eb prononcim p\u00ebr mediat tha se dhuna ndaj Sahit Dollapit tregon se Rama po godet edhe funksionar\u00eb t\u00eb lart\u00eb opozitar\u00eb, duke treguar fytyr\u00ebn e v\u00ebrtet\u00eb t\u00eb tij. \u201cEdi Rama ka humbur qet\u00ebsin\u00eb. Dhuna ndaj Dollapit tregoi fytyr\u00ebn e tij t\u00eb v\u00ebrtet\u00eb. \u00a0Si\u00e7 ka ndodhur me dollapin mbr\u00ebm\u00eb, ka ndodhur [&hellip;]<\/p>\n","protected":false},"author":2013,"featured_media":57698,"comment_status":"open","ping_status":"closed","sticky":false,"template":"","format":"standard","meta":{"footnotes":""},"categories":[241,235],"tags":[],"class_list":{"0":"post-83621","1":"post","2":"type-post","3":"status-publish","4":"format-standard","5":"has-post-thumbnail","7":"category-aktualitet","8":"category-vendi"},"_links":{"self":[{"href":"https:\/\/zjarr.tv\/en\/wp-json\/wp\/v2\/posts\/83621","targetHints":{"allow":["GET"]}}],"collection":[{"href":"https:\/\/zjarr.tv\/en\/wp-json\/wp\/v2\/posts"}],"about":[{"href":"https:\/\/zjarr.tv\/en\/wp-json\/wp\/v2\/types\/post"}],"author":[{"embeddable":true,"href":"https:\/\/zjarr.tv\/en\/wp-json\/wp\/v2\/users\/2013"}],"replies":[{"embeddable":true,"href":"https:\/\/zjarr.tv\/en\/wp-json\/wp\/v2\/comments?post=83621"}],"version-history":[{"count":0,"href":"https:\/\/zjarr.tv\/en\/wp-json\/wp\/v2\/posts\/83621\/revisions"}],"wp:featuredmedia":[{"embeddable":true,"href":"https:\/\/zjarr.tv\/en\/wp-json\/wp\/v2\/media\/57698"}],"wp:attachment":[{"href":"https:\/\/zjarr.tv\/en\/wp-json\/wp\/v2\/media?parent=83621"}],"wp:term":[{"taxonomy":"category","embeddable":true,"href":"https:\/\/zjarr.tv\/en\/wp-json\/wp\/v2\/categories?post=83621"},{"taxonomy":"post_tag","embeddable":true,"href":"https:\/\/zjarr.tv\/en\/wp-json\/wp\/v2\/tags?post=83621"}],"curies":[{"name":"wp","href":"https:\/\/api.w.org\/{rel}","templated":true}]}}