{"id":83623,"date":"2019-05-12T13:20:59","date_gmt":"2019-05-12T11:20:59","guid":{"rendered":"https:\/\/zjarr.tv\/?p=83623"},"modified":"2019-05-12T13:20:59","modified_gmt":"2019-05-12T11:20:59","slug":"aleatet-e-pd-ne-proteste-populli-nuk-do-te-ule-koken-si-dele","status":"publish","type":"post","link":"https:\/\/zjarr.tv\/en\/aleatet-e-pd-ne-proteste-populli-nuk-do-te-ule-koken-si-dele\/","title":{"rendered":"Aleat\u00ebt e PD n\u00eb protest\u00eb: Populli nuk do t\u00eb ul\u00eb kok\u00ebn si dele"},"content":{"rendered":"<p>Aleat\u00ebt e Partis\u00eb Demokratike nga protesta tek Drejtoria e Policis\u00eb n\u00eb Tiran\u00eb komentuan veprimet e Policis\u00eb s\u00eb Shtetit,\u00a0 e cila ka arrestuar deri tani 50 qytetar\u00eb dhe 40 t\u00eb tjer\u00eb po hetohen n\u00eb gjendje t\u00eb lir\u00eb. T\u00eb gjith\u00eb nj\u00ebz\u00ebri u shpreh\u00ebn se kryeministri Edi Rama duhet t\u00eb largohet nga drejtimi i vendit, pasi sipas tyre, ky veprim \u00ebsht\u00eb kushti i par\u00eb p\u00ebr vendosjen e qet\u00ebsis\u00eb.<\/p>\n<p>\u201cPopulli nuk do t\u00eb ul\u00eb kok\u00ebn si dele\u201d<strong>\u2013<\/strong>tha Mediu.<\/p>\n<p>&nbsp;<\/p>\n<p>Kreu i LZHK-s\u00eb tha se Edi Rama duhet t\u00eb veproj\u00eb me arsye p\u00ebrball\u00eb gjendjes ku ndodhet vendi.<\/p>\n<p>\u201cNuk \u00ebsht\u00eb se do t\u00eb vazhdoj k\u00ebshtu, por do t\u00eb jet\u00eb n\u00eb ngritje. K\u00ebto njer\u00ebz, q\u00eb nuk d\u00ebgjojn\u00eb vet\u00ebm e trashin zullumin dhe kur ndodh k\u00ebshtu, kjo k\u00ebputet. Urojm\u00eb q\u00eb Ram\u00ebs t\u2019i vij\u00eb arsyeja. E duhura do t\u00eb jet\u00eb q\u00eb t\u00eb mos hapet asnj\u00eb dyqan dhe t\u00eb mbushet deri tek unaza, por k\u00ebt\u00eb ende nuk e kemi arritur\u201d-tha Dash Shehi.<\/p>\n<p>&nbsp;<\/p>","protected":false},"excerpt":{"rendered":"<p>Aleat\u00ebt e Partis\u00eb Demokratike nga protesta tek Drejtoria e Policis\u00eb n\u00eb Tiran\u00eb komentuan veprimet e Policis\u00eb s\u00eb Shtetit,\u00a0 e cila ka arrestuar deri tani 50 qytetar\u00eb dhe 40 t\u00eb tjer\u00eb po hetohen n\u00eb gjendje t\u00eb lir\u00eb. T\u00eb gjith\u00eb nj\u00ebz\u00ebri u shpreh\u00ebn se kryeministri Edi Rama duhet t\u00eb largohet nga drejtimi i vendit, pasi sipas tyre, [&hellip;]<\/p>\n","protected":false},"author":2013,"featured_media":0,"comment_status":"open","ping_status":"closed","sticky":false,"template":"","format":"standard","meta":{"footnotes":""},"categories":[241,235],"tags":[],"class_list":{"0":"post-83623","1":"post","2":"type-post","3":"status-publish","4":"format-standard","6":"category-aktualitet","7":"category-vendi"},"_links":{"self":[{"href":"https:\/\/zjarr.tv\/en\/wp-json\/wp\/v2\/posts\/83623","targetHints":{"allow":["GET"]}}],"collection":[{"href":"https:\/\/zjarr.tv\/en\/wp-json\/wp\/v2\/posts"}],"about":[{"href":"https:\/\/zjarr.tv\/en\/wp-json\/wp\/v2\/types\/post"}],"author":[{"embeddable":true,"href":"https:\/\/zjarr.tv\/en\/wp-json\/wp\/v2\/users\/2013"}],"replies":[{"embeddable":true,"href":"https:\/\/zjarr.tv\/en\/wp-json\/wp\/v2\/comments?post=83623"}],"version-history":[{"count":0,"href":"https:\/\/zjarr.tv\/en\/wp-json\/wp\/v2\/posts\/83623\/revisions"}],"wp:attachment":[{"href":"https:\/\/zjarr.tv\/en\/wp-json\/wp\/v2\/media?parent=83623"}],"wp:term":[{"taxonomy":"category","embeddable":true,"href":"https:\/\/zjarr.tv\/en\/wp-json\/wp\/v2\/categories?post=83623"},{"taxonomy":"post_tag","embeddable":true,"href":"https:\/\/zjarr.tv\/en\/wp-json\/wp\/v2\/tags?post=83623"}],"curies":[{"name":"wp","href":"https:\/\/api.w.org\/{rel}","templated":true}]}}