{"id":83625,"date":"2019-05-12T13:24:31","date_gmt":"2019-05-12T11:24:31","guid":{"rendered":"https:\/\/zjarr.tv\/?p=83625"},"modified":"2019-05-12T13:24:31","modified_gmt":"2019-05-12T11:24:31","slug":"betimi-i-pendarovskit-ilir-meta-dhe-hashim-thaci-sot-ne-m-veriut","status":"publish","type":"post","link":"https:\/\/zjarr.tv\/en\/betimi-i-pendarovskit-ilir-meta-dhe-hashim-thaci-sot-ne-m-veriut\/","title":{"rendered":"Betimi i Pendarovskit, Ilir Meta dhe Hashim Tha\u00e7i sot n\u00eb M.Veriut"},"content":{"rendered":"<p>Kuvendi i Maqedonis\u00eb s\u00eb Veriut sot do t\u00eb mbaj\u00eb seanc\u00ebn solemne p\u00ebr presidentin e ri, \u00a0Stevo Pendarovski. Fjalimi dhe betimi i Pendarovskit para Kuvendit do t\u00eb p\u00ebrcillet edhe nga homolog\u00ebt e tij Ilir Meta nga Shqip\u00ebria, Hashim Tha\u00e7i nga Kosova, Rumen Radev nga Bullgaria, Aleksander Vu\u00e7i\u00e7 nga Serbia, z\u00ebvend\u00ebskryeministri i Turqis\u00eb, delegacioni i Sllovenis\u00eb dhe kori diplomatik n\u00eb vend.<\/p>\n<p>Ndon\u00ebse i ftuar, n\u00eb seanc\u00ebn e t\u00eb diel\u00ebs nuk do t\u00eb merr pjes\u00eb presidenti i Greqis\u00eb, Prokopis Pavlopulos p\u00ebr shkak t\u00eb vizit\u00ebs s\u00eb tij n\u00eb Kin\u00eb. N\u00eb vendin e tij, Qeveria greke ka deleguar ministrin e Jasht\u00ebm, Georgios Katrougalos.\u00a0 N\u00eb t\u00eb nj\u00ebjt\u00ebn seanc\u00eb do t\u00eb marrin pjes\u00eb edhe p\u00ebrfaq\u00ebsues t\u00eb komuniteteve fetare, gjykat\u00ebs dhe prokuror.<\/p>\n<p>Pas inaugurimit, Pendarovski do t\u00eb niset p\u00ebr rezidenc\u00ebn e presidentit n\u00eb Vodno. Gjat\u00eb pranim-dor\u00ebzimit t\u00eb detyr\u00ebs, Pendarovski do t\u00eb prezantohet me kabinetin e presidentit n\u00eb ikje Gjorge Ivanov. Pas p\u00ebrfundimit t\u00eb takimit, Pendarovski dhe Ivanov do t\u00eb mbajn\u00eb konferenc\u00eb t\u00eb p\u00ebrbashk\u00ebt p\u00ebr media, shkruan Alsat.<\/p>\n<p>Pendarovski zgjidhet president pas fitores n\u00eb raundin e dyt\u00eb n\u00eb zgjedhjet e pesta presidenciale n\u00eb Maqedonin\u00eb e Veriut nga pavar\u00ebsimi i saj. N\u00eb mandatit e tij, Pendarovski do t\u00eb jet\u00eb presidenti i pest\u00eb i \u201cMaqedonis\u00eb\u201d, nd\u00ebrsa i pari i Maqedonis\u00eb s\u00eb Veriut.<\/p>","protected":false},"excerpt":{"rendered":"<p>Kuvendi i Maqedonis\u00eb s\u00eb Veriut sot do t\u00eb mbaj\u00eb seanc\u00ebn solemne p\u00ebr presidentin e ri, \u00a0Stevo Pendarovski. Fjalimi dhe betimi i Pendarovskit para Kuvendit do t\u00eb p\u00ebrcillet edhe nga homolog\u00ebt e tij Ilir Meta nga Shqip\u00ebria, Hashim Tha\u00e7i nga Kosova, Rumen Radev nga Bullgaria, Aleksander Vu\u00e7i\u00e7 nga Serbia, z\u00ebvend\u00ebskryeministri i Turqis\u00eb, delegacioni i Sllovenis\u00eb dhe [&hellip;]<\/p>\n","protected":false},"author":2013,"featured_media":64961,"comment_status":"open","ping_status":"closed","sticky":false,"template":"","format":"standard","meta":{"footnotes":""},"categories":[241,235],"tags":[],"class_list":{"0":"post-83625","1":"post","2":"type-post","3":"status-publish","4":"format-standard","5":"has-post-thumbnail","7":"category-aktualitet","8":"category-vendi"},"_links":{"self":[{"href":"https:\/\/zjarr.tv\/en\/wp-json\/wp\/v2\/posts\/83625","targetHints":{"allow":["GET"]}}],"collection":[{"href":"https:\/\/zjarr.tv\/en\/wp-json\/wp\/v2\/posts"}],"about":[{"href":"https:\/\/zjarr.tv\/en\/wp-json\/wp\/v2\/types\/post"}],"author":[{"embeddable":true,"href":"https:\/\/zjarr.tv\/en\/wp-json\/wp\/v2\/users\/2013"}],"replies":[{"embeddable":true,"href":"https:\/\/zjarr.tv\/en\/wp-json\/wp\/v2\/comments?post=83625"}],"version-history":[{"count":0,"href":"https:\/\/zjarr.tv\/en\/wp-json\/wp\/v2\/posts\/83625\/revisions"}],"wp:featuredmedia":[{"embeddable":true,"href":"https:\/\/zjarr.tv\/en\/wp-json\/wp\/v2\/media\/64961"}],"wp:attachment":[{"href":"https:\/\/zjarr.tv\/en\/wp-json\/wp\/v2\/media?parent=83625"}],"wp:term":[{"taxonomy":"category","embeddable":true,"href":"https:\/\/zjarr.tv\/en\/wp-json\/wp\/v2\/categories?post=83625"},{"taxonomy":"post_tag","embeddable":true,"href":"https:\/\/zjarr.tv\/en\/wp-json\/wp\/v2\/tags?post=83625"}],"curies":[{"name":"wp","href":"https:\/\/api.w.org\/{rel}","templated":true}]}}