{"id":83628,"date":"2019-05-12T13:33:48","date_gmt":"2019-05-12T11:33:48","guid":{"rendered":"https:\/\/zjarr.tv\/?p=83628"},"modified":"2019-05-12T13:33:48","modified_gmt":"2019-05-12T11:33:48","slug":"lleshaj-perpjekje-per-destabilizimin-e-vendit-flet-dhe-per-policet-qe-ndaluan-dollapin","status":"publish","type":"post","link":"https:\/\/zjarr.tv\/en\/lleshaj-perpjekje-per-destabilizimin-e-vendit-flet-dhe-per-policet-qe-ndaluan-dollapin\/","title":{"rendered":"Lleshaj: P\u00ebrpjekje p\u00ebr destabilizimin e vendit, flet dhe p\u00ebr polic\u00ebt q\u00eb ndaluan Dollapin"},"content":{"rendered":"<p>Ministri i Brendsh\u00ebm Sand\u00ebr Lleshaj n\u00eb nj\u00eb konferenc\u00eb p\u00ebr mediat nga ambjentet e Ministris\u00eb s\u00eb Brendshme theksoi se polic\u00ebt q\u00eb u angazhuan n\u00eb shoq\u00ebrimin e Sahit Dollapit t\u00eb kishin b\u00ebr\u00eb dicka ndyshe dh eta kishin menaxhuar m\u00eb mir\u00eb situat\u00ebn.<\/p>\n<p><strong>Lleshaj:<\/strong>\u00a0<em>Tirana jetoi mbr\u00ebm\u00eb nj\u00eb mori sulmesh t\u00eb koordinuara kund\u00ebr institucioneve kushtetuese. Institucionet dhe policia \u00a0u gjend\u00ebn n\u00ebn k\u00ebrc\u00ebnimin e bombave molotov. Me dhjet\u00ebra punonj\u00ebs policie p\u00ebrfunduan n\u00eb spital p\u00ebr shkak t\u00eb plag\u00ebve t\u00eb marra. Ata burra dhe gra q\u00eb u vun\u00eb dje n\u00eb qend\u00ebr t\u00eb sulmeve t\u00eb egra meritojn\u00eb vler\u00ebsim dhe mir\u00ebnjohje p\u00ebr pun\u00ebn e tyre. P\u00ebr or\u00eb t\u00eb t\u00ebra ata p\u00ebrballuan me qindra bomba Molotov dhe sende t\u00eb tjera t\u00eb forta. Do kishte qen\u00eb n\u00eb nderin e atij grupimi politik q\u00eb ta ndalte dor\u00ebn e dhun\u00ebs ndaj djemve dhe vajzave t\u00eb cil\u00ebt thejsht\u00eb kryejn\u00eb nj\u00eb detyrim ligjor.<\/em><\/p>\n<p><em>Do kishte qen\u00eb mir\u00eb q\u00eb edhe ata punonj\u00ebs policie q\u00eb u angazhuan n\u00eb ndalimin e organizatorit t\u00eb sulmeve t\u00eb kishin b\u00ebr\u00eb dicka ndryshe. Mir\u00eb do ishte q\u00eb sic duruan n\u00eb m\u00ebnyr\u00eb stoike me or\u00eb t\u00eb t\u00ebra n\u00ebn zjarr t\u00eb kishin menaxhuar ndryshe edhe pak sekonda.<\/em><\/p>\n<p>&nbsp;<\/p>","protected":false},"excerpt":{"rendered":"<p>Ministri i Brendsh\u00ebm Sand\u00ebr Lleshaj n\u00eb nj\u00eb konferenc\u00eb p\u00ebr mediat nga ambjentet e Ministris\u00eb s\u00eb Brendshme theksoi se polic\u00ebt q\u00eb u angazhuan n\u00eb shoq\u00ebrimin e Sahit Dollapit t\u00eb kishin b\u00ebr\u00eb dicka ndyshe dh eta kishin menaxhuar m\u00eb mir\u00eb situat\u00ebn. Lleshaj:\u00a0Tirana jetoi mbr\u00ebm\u00eb nj\u00eb mori sulmesh t\u00eb koordinuara kund\u00ebr institucioneve kushtetuese. Institucionet dhe policia \u00a0u gjend\u00ebn [&hellip;]<\/p>\n","protected":false},"author":2013,"featured_media":0,"comment_status":"open","ping_status":"closed","sticky":false,"template":"","format":"standard","meta":{"footnotes":""},"categories":[241,235],"tags":[],"class_list":{"0":"post-83628","1":"post","2":"type-post","3":"status-publish","4":"format-standard","6":"category-aktualitet","7":"category-vendi"},"_links":{"self":[{"href":"https:\/\/zjarr.tv\/en\/wp-json\/wp\/v2\/posts\/83628","targetHints":{"allow":["GET"]}}],"collection":[{"href":"https:\/\/zjarr.tv\/en\/wp-json\/wp\/v2\/posts"}],"about":[{"href":"https:\/\/zjarr.tv\/en\/wp-json\/wp\/v2\/types\/post"}],"author":[{"embeddable":true,"href":"https:\/\/zjarr.tv\/en\/wp-json\/wp\/v2\/users\/2013"}],"replies":[{"embeddable":true,"href":"https:\/\/zjarr.tv\/en\/wp-json\/wp\/v2\/comments?post=83628"}],"version-history":[{"count":0,"href":"https:\/\/zjarr.tv\/en\/wp-json\/wp\/v2\/posts\/83628\/revisions"}],"wp:attachment":[{"href":"https:\/\/zjarr.tv\/en\/wp-json\/wp\/v2\/media?parent=83628"}],"wp:term":[{"taxonomy":"category","embeddable":true,"href":"https:\/\/zjarr.tv\/en\/wp-json\/wp\/v2\/categories?post=83628"},{"taxonomy":"post_tag","embeddable":true,"href":"https:\/\/zjarr.tv\/en\/wp-json\/wp\/v2\/tags?post=83628"}],"curies":[{"name":"wp","href":"https:\/\/api.w.org\/{rel}","templated":true}]}}