{"id":83630,"date":"2019-05-12T13:50:01","date_gmt":"2019-05-12T11:50:01","guid":{"rendered":"https:\/\/zjarr.tv\/?p=83630"},"modified":"2019-05-12T13:50:01","modified_gmt":"2019-05-12T11:50:01","slug":"be-dhuna-nuk-mund-te-tolerohet-ne-asnje-rrethane","status":"publish","type":"post","link":"https:\/\/zjarr.tv\/en\/be-dhuna-nuk-mund-te-tolerohet-ne-asnje-rrethane\/","title":{"rendered":"BE: Dhuna nuk mund t\u00eb tolerohet n\u00eb asnj\u00eb rrethan\u00eb"},"content":{"rendered":"<p>Pas protest\u00ebs s\u00eb dhunshme t\u00eb opozit\u00ebs, e cila pasoi me kund\u00ebrp\u00ebrgjigje edhe nga e efektiv\u00ebve t\u00eb policis\u00eb ka reaguar delegacioni i BE-s\u00eb n\u00eb Tiran\u00eb. N\u00eb nj\u00eb deklarat\u00eb delegacioni pohon se dhuna \u00ebsht\u00eb e patolerueshme n\u00eb asnj\u00eb rrethan\u00eb, nd\u00ebrsa i ka b\u00ebr\u00eb thirrje protestuesve q\u00eb n\u00eb protestat e ardh\u00ebnshme t\u00eb tregohen m\u00eb t\u00eb p\u00ebrmbajtur. Delegacioni i BE-s\u00eb thekson se pik\u00ebpamjet e ndryshme politike duhet t\u00eb trajtohen p\u00ebrmes debatit dhe dialogut.<\/p>\n<p><strong>Deklarata e plot\u00eb:\u00a0<\/strong><\/p>\n<p><em>Protesta paq\u00ebsore \u00ebsht\u00eb nj\u00eb vler\u00eb thelb\u00ebsore e nj\u00eb demokracie moderne evropiane.\u00a0<\/em><\/p>\n<p><em>Dhuna nuk mund t\u00eb tolerohet n\u00eb asnj\u00eb rrethan\u00eb. Duke pasur parasysh protestat e shpallura sot dhe n\u00eb dit\u00ebt e ardhshme n\u00eb Tiran\u00eb, Delegacioni i Bashkimit Evropian u b\u00ebn thirrje protestuesve dhe udh\u00ebheq\u00ebsve t\u00eb tyre politik\u00eb t\u00eb tregojn\u00eb p\u00ebrgjegj\u00ebsi dhe p\u00ebrmbajtje.\u00a0<\/em><\/p>\n<p><em>Pik\u00ebpamjet e ndryshme politike duhet t\u00eb trajtohen p\u00ebrmes debatit dhe dialogut.<\/em><\/p>\n<p>&nbsp;<\/p>","protected":false},"excerpt":{"rendered":"<p>Pas protest\u00ebs s\u00eb dhunshme t\u00eb opozit\u00ebs, e cila pasoi me kund\u00ebrp\u00ebrgjigje edhe nga e efektiv\u00ebve t\u00eb policis\u00eb ka reaguar delegacioni i BE-s\u00eb n\u00eb Tiran\u00eb. N\u00eb nj\u00eb deklarat\u00eb delegacioni pohon se dhuna \u00ebsht\u00eb e patolerueshme n\u00eb asnj\u00eb rrethan\u00eb, nd\u00ebrsa i ka b\u00ebr\u00eb thirrje protestuesve q\u00eb n\u00eb protestat e ardh\u00ebnshme t\u00eb tregohen m\u00eb t\u00eb p\u00ebrmbajtur. Delegacioni i [&hellip;]<\/p>\n","protected":false},"author":2013,"featured_media":83566,"comment_status":"open","ping_status":"closed","sticky":false,"template":"","format":"standard","meta":{"footnotes":""},"categories":[241,235],"tags":[],"class_list":{"0":"post-83630","1":"post","2":"type-post","3":"status-publish","4":"format-standard","5":"has-post-thumbnail","7":"category-aktualitet","8":"category-vendi"},"_links":{"self":[{"href":"https:\/\/zjarr.tv\/en\/wp-json\/wp\/v2\/posts\/83630","targetHints":{"allow":["GET"]}}],"collection":[{"href":"https:\/\/zjarr.tv\/en\/wp-json\/wp\/v2\/posts"}],"about":[{"href":"https:\/\/zjarr.tv\/en\/wp-json\/wp\/v2\/types\/post"}],"author":[{"embeddable":true,"href":"https:\/\/zjarr.tv\/en\/wp-json\/wp\/v2\/users\/2013"}],"replies":[{"embeddable":true,"href":"https:\/\/zjarr.tv\/en\/wp-json\/wp\/v2\/comments?post=83630"}],"version-history":[{"count":0,"href":"https:\/\/zjarr.tv\/en\/wp-json\/wp\/v2\/posts\/83630\/revisions"}],"wp:featuredmedia":[{"embeddable":true,"href":"https:\/\/zjarr.tv\/en\/wp-json\/wp\/v2\/media\/83566"}],"wp:attachment":[{"href":"https:\/\/zjarr.tv\/en\/wp-json\/wp\/v2\/media?parent=83630"}],"wp:term":[{"taxonomy":"category","embeddable":true,"href":"https:\/\/zjarr.tv\/en\/wp-json\/wp\/v2\/categories?post=83630"},{"taxonomy":"post_tag","embeddable":true,"href":"https:\/\/zjarr.tv\/en\/wp-json\/wp\/v2\/tags?post=83630"}],"curies":[{"name":"wp","href":"https:\/\/api.w.org\/{rel}","templated":true}]}}