{"id":83632,"date":"2019-05-12T13:52:45","date_gmt":"2019-05-12T11:52:45","guid":{"rendered":"https:\/\/zjarr.tv\/?p=83632"},"modified":"2019-05-12T13:52:45","modified_gmt":"2019-05-12T11:52:45","slug":"vrtet-gazetarja-ne-afganistan-pamjet-nga-vendi-i-ngjarjes","status":"publish","type":"post","link":"https:\/\/zjarr.tv\/en\/vrtet-gazetarja-ne-afganistan-pamjet-nga-vendi-i-ngjarjes\/","title":{"rendered":"Vr*tet gazetarja n\u00eb Afganistan, pamjet nga vendi i ngjarjes"},"content":{"rendered":"<p>Nj\u00eb gazetare \u00ebsht\u00eb q\u00eblluar p\u00ebr vdekje dit\u00ebn e djeshme n\u00eb Afganistan. P\u00ebr ngjarjen e r\u00ebnd\u00eb ka reaguar edhe Ministria e Pun\u00ebve t\u00eb Brendshme, e cila shprehet se gazetarja \u00ebsht\u00eb vrar\u00eb nga disa persona t\u00eb paidentifikuar n\u00eb nj\u00eb qark t\u00eb Kabulit. Nd\u00ebrkoh\u00eb jan\u00eb publikuar edhe fotot nga vendi i ngjarjes, ku mbeti e vrar\u00eb gazetarja.<br \/>\nMenj\u00ebher\u00eb jan\u00eb ngritur pistat e hetimit, por dyshohet se motivet e ngjarjes mund t\u00eb jan\u00eb private dhe familjare. Familjar\u00ebt e saj ngr\u00ebn\u00eb akuza se ajo \u00ebsht\u00eb q\u00eblluar p\u00ebr vdekje nga burri i saj, por ky version nuk \u00ebsht\u00eb konfirmuar ende n\u00eb rrug\u00eb zyrtare.<br \/>\nGazetarja kishte nj\u00eb p\u00ebrvoj\u00eb t\u00eb madhe n\u00eb media lokale dhe komb\u00ebtare, nd\u00ebrsa pjes\u00ebn m\u00eb t\u00eb madhe t\u00eb koh\u00ebs kishte punuar si moderatore. Koh\u00ebt e fundit gazetarja afgane ishte nj\u00eb z\u00eb i shtuar n\u00eb mbrojtje t\u00eb t\u00eb drejtave t\u00eb grave dhe vajzave.<\/p>","protected":false},"excerpt":{"rendered":"<p>Nj\u00eb gazetare \u00ebsht\u00eb q\u00eblluar p\u00ebr vdekje dit\u00ebn e djeshme n\u00eb Afganistan. P\u00ebr ngjarjen e r\u00ebnd\u00eb ka reaguar edhe Ministria e Pun\u00ebve t\u00eb Brendshme, e cila shprehet se gazetarja \u00ebsht\u00eb vrar\u00eb nga disa persona t\u00eb paidentifikuar n\u00eb nj\u00eb qark t\u00eb Kabulit. Nd\u00ebrkoh\u00eb jan\u00eb publikuar edhe fotot nga vendi i ngjarjes, ku mbeti e vrar\u00eb gazetarja. Menj\u00ebher\u00eb [&hellip;]<\/p>\n","protected":false},"author":2013,"featured_media":83633,"comment_status":"open","ping_status":"closed","sticky":false,"template":"","format":"standard","meta":{"footnotes":""},"categories":[241,235],"tags":[],"class_list":{"0":"post-83632","1":"post","2":"type-post","3":"status-publish","4":"format-standard","5":"has-post-thumbnail","7":"category-aktualitet","8":"category-vendi"},"_links":{"self":[{"href":"https:\/\/zjarr.tv\/en\/wp-json\/wp\/v2\/posts\/83632","targetHints":{"allow":["GET"]}}],"collection":[{"href":"https:\/\/zjarr.tv\/en\/wp-json\/wp\/v2\/posts"}],"about":[{"href":"https:\/\/zjarr.tv\/en\/wp-json\/wp\/v2\/types\/post"}],"author":[{"embeddable":true,"href":"https:\/\/zjarr.tv\/en\/wp-json\/wp\/v2\/users\/2013"}],"replies":[{"embeddable":true,"href":"https:\/\/zjarr.tv\/en\/wp-json\/wp\/v2\/comments?post=83632"}],"version-history":[{"count":0,"href":"https:\/\/zjarr.tv\/en\/wp-json\/wp\/v2\/posts\/83632\/revisions"}],"wp:featuredmedia":[{"embeddable":true,"href":"https:\/\/zjarr.tv\/en\/wp-json\/wp\/v2\/media\/83633"}],"wp:attachment":[{"href":"https:\/\/zjarr.tv\/en\/wp-json\/wp\/v2\/media?parent=83632"}],"wp:term":[{"taxonomy":"category","embeddable":true,"href":"https:\/\/zjarr.tv\/en\/wp-json\/wp\/v2\/categories?post=83632"},{"taxonomy":"post_tag","embeddable":true,"href":"https:\/\/zjarr.tv\/en\/wp-json\/wp\/v2\/tags?post=83632"}],"curies":[{"name":"wp","href":"https:\/\/api.w.org\/{rel}","templated":true}]}}