{"id":83644,"date":"2019-05-12T14:25:33","date_gmt":"2019-05-12T12:25:33","guid":{"rendered":"https:\/\/zjarr.tv\/?p=83644"},"modified":"2019-05-12T14:25:33","modified_gmt":"2019-05-12T12:25:33","slug":"rama-dhuna-ndaj-sahit-dollapit-incident-mirekuptoj-policet-qe-e-dhunuan","status":"publish","type":"post","link":"https:\/\/zjarr.tv\/en\/rama-dhuna-ndaj-sahit-dollapit-incident-mirekuptoj-policet-qe-e-dhunuan\/","title":{"rendered":"Rama: Dhuna ndaj Sahit Dollapit incident, mirekuptoj policet qe e dhunuan"},"content":{"rendered":"<p>Kryeministri Edi Rama ndodhet n\u00eb konferenc\u00eb para gazetar\u00ebve nj\u00eb dit\u00eb pas protest\u00ebs s\u00eb opozit\u00ebs.<br \/>\nRama kujton 21 janarin: U shkreh\u00ebn karikator\u00ebt<br \/>\nRama: Nga kjo godin\u00eb para pak koh\u00ebsh n\u00eb 2011 nuk u q\u00ebllua me asnj\u00eb gurick\u00eb dhe jo m\u00eb me bomba dhe me zjarr dhe nga kjo godin\u00eb u urdh\u00ebrua vrasja e 4 protestuesve t\u00eb pafajsh\u00ebm. U urdh\u00ebrua shkrehja e karikator\u00ebve mbi protestuesit e paarmatosur, jo me arm\u00eb, por me asnj\u00eb shishe benzin\u00eb. U plagos\u00ebn mbvi 40 persona me plumba dhe pastaj u turr e gjith\u00eb trupa e FNSH e keqp\u00ebrdorur politikisht dhe u arriti t\u00eb futej deri te kulla p\u00ebrball\u00eb, duke masakruar k\u00ebdo q\u00eb i doli para kur ngjitej n\u00eb kat t\u00eb 4.<br \/>\nQytetar\u00ebt ishin t\u00eb trembur me t\u00eb drejt\u00eb q\u00eb t\u00eb shkonin n\u00eb spital Nj\u00eb person q\u00eb sdua tjasjell emrin i p\u00ebrfshir\u00eb pa lidhje nga ajo val\u00eb dhune, asokohe pronar i nj\u00eb televizioni ka shkuar jasht\u00eb shtetit dhe \u00ebsht\u00eb kuruar ps\u00ebr brinj\u00ebt e thyera me shpatull t\u00eb nxjerr\u00eb. Ja kujtoj k\u00ebt\u00eb t\u00eb gjith\u00eb shqiptar\u00ebve, jo atyre q\u00eb kan\u00eb vendosur t\u00eb mos d\u00ebgjojn\u00eb, por vet\u00ebm t\u00eb flasin ca ju vjen p\u00ebr mbar\u00eb n\u00eb funksion t\u00eb dhun\u00ebs.<br \/>\nMirekuptoj dy policet qe dhunuan Sahit Dollapin<br \/>\nEdi Rama; Po do kishte qen\u00eb p\u00ebrfeksion i gjith\u00eb q\u00ebndrimi i policis\u00eb s\u00eb shtetit dje n\u00eb 7 or\u00eb sulme, nes\u00eb ne ato 2-3 sek, nj\u00eb incident u krijua. Dy punonj\u00ebs nuk do kishin goditur me shkop gome dike qe i kishte ikur policise me vrap. Ky q\u00eb ik\u00ebn ka nj\u00eb arsye. Ne vende me demokraci shum\u00eb m\u00eb t\u00eb konsoliduar sie jona do ta kishte p\u00ebsuar shum\u00eb m\u00eb keq. Mos harroni se t\u00eb veprosh n\u00eb ato kushte te jesh n\u00ebn flak\u00eb e gur\u00eb, e nj\u00eb presion shtazarak nuk \u00ebsht\u00eb gj\u00ebja m\u00eb e kollajshme dhe nuk jan\u00eb kushtet optimale p\u00ebr t\u00eb pasur qart\u00ebsi n\u00eb \u00e7do moment.<br \/>\nT\u00eb q\u00ebndrosh n\u00eb presion shtazarak p\u00ebr 7 or\u00eb nuk \u00ebsht\u00eb gj\u00eb e kollajshme . Mir\u00ebkuptoj dhe ata t\u00eb dy punonj\u00ebsit e policis\u00eb q\u00eb b\u00ebn\u00eb nj\u00eb veprim t\u00eb tep\u00ebrt, duke gjykuar ne nga ekrani, me kollajll\u00ebkun q\u00eb shikohet ku e sheh nga ekrani. Ama hipokrizi m\u00eb t\u00eb madhe dhe p\u00ebrqeshje m\u00eb t\u00eb madhe me shqiptar\u00ebt sesa at\u00eb incident, n\u00eb aspektin teknik dhe etik ta kthesh n\u00eb nj\u00eb histeri p\u00ebr t\u00eb provuar se n\u00eb 7 or\u00eb ishte policia e shtetit shkaktarja e asaj q\u00eb pam\u00eb nuk ka.<br \/>\nDhuna ndaj Sait Dollapit incident<br \/>\nEdi Rama: P\u00ebr shkak t\u00eb histeris\u00eb s\u00eb organizator\u00ebt e protest\u00ebs dhe disa media e trajtuan incidentin, &#8211; e quaj incident, e do ta them p\u00ebrse- me nj\u00eb nga organizator\u00ebt e dhun\u00ebs, m\u00eb lejon tju kujtoj se kjo godin\u00eb n\u00eb 2011 nuk u q\u00ebllua me asnj\u00eb gurick\u00eb dhe jo m\u00eb me bomba apo zjarr. Dhe nga kjjo godin\u00eb u urdh\u00ebrua vrasja e 4 protestuesve t\u00eb pafajsh\u00ebm.<br \/>\nEdi Rama: T\u00eb ruajm\u00eb qet\u00ebsin\u00eb dhe vet\u00ebp\u00ebrmbajtjen<br \/>\nNjoftimi per konferencen<br \/>\nKryeministri Edi Rama n\u00eb nj\u00eb postim n\u00eb Twitter ka njoftuar mbajtjen e nj\u00eb konference n\u00eb or\u00ebn 14:00, pas protest\u00ebs s\u00eb opozit\u00ebs, e cila u shoq\u00ebrua me akte dhune.<br \/>\nRama: N\u00eb k\u00ebto momente t\u00eb gjith\u00eb shqiptar\u00ebt brenda dhe jasht\u00eb vendit i kan\u00eb syt\u00eb mb\u00ebrthyer tek ekranet dhe faqet e lajmeve si rezultat i gjith\u00eb asaj q\u00eb u shfaq mbr\u00ebm\u00eb n\u00eb form\u00ebn e nj\u00eb manifestimi zinxhir t\u00eb dhun\u00ebs.<br \/>\nE para \u00ebsht\u00eb t\u00eb ruajm\u00eb qet\u00ebsin\u00eb dhe vendosm\u00ebrin\u00eb p\u00ebr t\u00eb mos lejuar q\u00eb nje grupim i udh\u00ebhequr nga verb\u00ebria e d\u00ebshp\u00ebrimit t\u00eb influencoj\u00eb m\u00eb shum\u00eb sec duhet n\u00eb m\u00ebnyr\u00ebn ton\u00eb t\u00eb jetuarit.<br \/>\nS\u00eb dyti dua t\u00eb shpreh solidaritetin dhe respektin p\u00ebr t\u00eb gjith\u00eb punonj\u00ebsit e Policis\u00eb. Policia e Shtetit n\u00eb t\u00eb gjith\u00eb k\u00ebt\u00eb zinxhir edhe dje kur protesta u transpformua n\u00eb nj\u00eb manifestim brutalk dhe ta zgjatur dhune ka treguar nj\u00eb profesionaliz\u00ebm dhe qet\u00ebsi p\u00ebr tu adminuar. Ata akn\u00eb vendosur nj\u00eb standar t\u00eb ri p\u00ebr hiostorikun e uniformave blu dhe kan\u00eb fituar admirimin e t\u00eb gjith\u00eb qyetar\u00ebve t\u00eb ndersh\u00ebm.<br \/>\nN\u00eb aspektin e sjelljes s\u00eb Policis\u00eb s\u00eb Shtetit ndaj protestave, krahasimi me t\u00eb shkuar\u00ebn nuk vlen p\u00ebr t\u00eb th\u00ebn\u00eb shihni se sa mir\u00eb dhe sa me dinjitet sillet dhe punon sot policia. E shkuara e af\u00ebrt e saj na ka rezervuar kujtime shum\u00eb t\u00eb r\u00ebnda q\u00eb nuk kan\u00eb lidhje me asnj\u00eb standar dhe asnj\u00eb vler\u00eb.<br \/>\nRama: N\u00eb 14.00 me gazetar\u00ebt p\u00ebr t\u00eb komunikuar me opinionin publik n\u00eb k\u00ebto momente,kur nj\u00eb grupim i d\u00ebshp\u00ebruar politik orvatet m\u00eb kot t\u00eb imponohet p\u00ebrmes dhun\u00ebs s\u00eb verb\u00ebr, n\u00eb qorrsokakun pa rrug\u00ebdalje t\u00eb d\u00ebshtimit ku ka hyr\u00eb me k\u00ebmb\u00ebt e veta Qet\u00ebsidheVendosm\u00ebri p\u00ebr Shqip\u00ebrin\u00eb q\u00eb duam<br \/>\nN\u00eb or\u00ebt e para t\u00eb dit\u00ebs s\u00eb sotme kryeministri Rama n\u00eb ambjentet e kryeministris\u00eb \u00ebsht\u00eb takuar me zyrtar\u00eb t\u00eb lart\u00eb t\u00eb shtetit, duke filluar nga Ministri i Brendsh\u00ebm Sand\u00ebr Lleshaj, Ministrja e Drejt\u00ebsis\u00eb Etilda Gjonaj, Shefi i SHISH Helidon Bendo, dhe kryeprokurorja Arta Marku.<br \/>\nM\u00ebsohet se n\u00eb fokus t\u00eb takimit ishte protesta e opozit\u00ebs.<\/p>","protected":false},"excerpt":{"rendered":"<p>Kryeministri Edi Rama ndodhet n\u00eb konferenc\u00eb para gazetar\u00ebve nj\u00eb dit\u00eb pas protest\u00ebs s\u00eb opozit\u00ebs. Rama kujton 21 janarin: U shkreh\u00ebn karikator\u00ebt Rama: Nga kjo godin\u00eb para pak koh\u00ebsh n\u00eb 2011 nuk u q\u00ebllua me asnj\u00eb gurick\u00eb dhe jo m\u00eb me bomba dhe me zjarr dhe nga kjo godin\u00eb u urdh\u00ebrua vrasja e 4 protestuesve t\u00eb [&hellip;]<\/p>\n","protected":false},"author":2013,"featured_media":69859,"comment_status":"open","ping_status":"closed","sticky":false,"template":"","format":"standard","meta":{"footnotes":""},"categories":[241,235],"tags":[],"class_list":{"0":"post-83644","1":"post","2":"type-post","3":"status-publish","4":"format-standard","5":"has-post-thumbnail","7":"category-aktualitet","8":"category-vendi"},"_links":{"self":[{"href":"https:\/\/zjarr.tv\/en\/wp-json\/wp\/v2\/posts\/83644","targetHints":{"allow":["GET"]}}],"collection":[{"href":"https:\/\/zjarr.tv\/en\/wp-json\/wp\/v2\/posts"}],"about":[{"href":"https:\/\/zjarr.tv\/en\/wp-json\/wp\/v2\/types\/post"}],"author":[{"embeddable":true,"href":"https:\/\/zjarr.tv\/en\/wp-json\/wp\/v2\/users\/2013"}],"replies":[{"embeddable":true,"href":"https:\/\/zjarr.tv\/en\/wp-json\/wp\/v2\/comments?post=83644"}],"version-history":[{"count":0,"href":"https:\/\/zjarr.tv\/en\/wp-json\/wp\/v2\/posts\/83644\/revisions"}],"wp:featuredmedia":[{"embeddable":true,"href":"https:\/\/zjarr.tv\/en\/wp-json\/wp\/v2\/media\/69859"}],"wp:attachment":[{"href":"https:\/\/zjarr.tv\/en\/wp-json\/wp\/v2\/media?parent=83644"}],"wp:term":[{"taxonomy":"category","embeddable":true,"href":"https:\/\/zjarr.tv\/en\/wp-json\/wp\/v2\/categories?post=83644"},{"taxonomy":"post_tag","embeddable":true,"href":"https:\/\/zjarr.tv\/en\/wp-json\/wp\/v2\/tags?post=83644"}],"curies":[{"name":"wp","href":"https:\/\/api.w.org\/{rel}","templated":true}]}}