{"id":83651,"date":"2019-05-12T14:35:28","date_gmt":"2019-05-12T12:35:28","guid":{"rendered":"https:\/\/zjarr.tv\/?p=83651"},"modified":"2019-05-12T14:35:28","modified_gmt":"2019-05-12T12:35:28","slug":"thaci-fton-pendarovskin-per-vizite-ne-kosove","status":"publish","type":"post","link":"https:\/\/zjarr.tv\/en\/thaci-fton-pendarovskin-per-vizite-ne-kosove\/","title":{"rendered":"Tha\u00e7i fton Pendarovskin p\u00ebr vizit\u00eb n\u00eb Kosov\u00eb"},"content":{"rendered":"<p><strong>Presidenti i Kosov\u00ebs, Hashim Tha\u00e7i, sot ka marr pjes\u00eb n\u00eb ceremonin\u00eb e inaugurimit e presidentit t\u00eb ri t\u00eb Maqedonis\u00eb Veriore, Stevo Pendarovski.<\/strong><\/p>\n<p>Tha\u00e7i tha se e mir\u00ebpret bashk\u00ebpunimin e dy shteteve p\u00ebr integrimin euroatlantik<\/p>\n<p>Po ashtu kreu i shtetit, ka njoftuar se ka ftuar Pendarovskin p\u00ebr vizit n\u00eb Kosov\u00eb<\/p>\n<p>\u201cN\u00eb inaugurimin e presidentit t\u00eb ri t\u00eb Maqedonis\u00eb Veriore, Stevo Pendarovski, i cili sot mori detyr\u00ebn e re. E mir\u00ebpres bashk\u00ebpunimin p\u00ebr integrimin euroatlantik t\u00eb vendeve tona dhe p\u00ebr thellimin e bashk\u00ebpunimit rajonal. Presidentin e ri t\u00eb Maqedonis\u00eb Veriore, po ashtu, e ftova edhe p\u00ebr vizit\u00eb zyrtare n\u00eb Kosov\u00eb\u201d, ka shkruar Tha\u00e7i.<\/p>\n<p>&nbsp;<\/p>","protected":false},"excerpt":{"rendered":"<p>Presidenti i Kosov\u00ebs, Hashim Tha\u00e7i, sot ka marr pjes\u00eb n\u00eb ceremonin\u00eb e inaugurimit e presidentit t\u00eb ri t\u00eb Maqedonis\u00eb Veriore, Stevo Pendarovski. Tha\u00e7i tha se e mir\u00ebpret bashk\u00ebpunimin e dy shteteve p\u00ebr integrimin euroatlantik Po ashtu kreu i shtetit, ka njoftuar se ka ftuar Pendarovskin p\u00ebr vizit n\u00eb Kosov\u00eb \u201cN\u00eb inaugurimin e presidentit t\u00eb ri [&hellip;]<\/p>\n","protected":false},"author":2013,"featured_media":50885,"comment_status":"open","ping_status":"closed","sticky":false,"template":"","format":"standard","meta":{"footnotes":""},"categories":[241,2],"tags":[],"class_list":{"0":"post-83651","1":"post","2":"type-post","3":"status-publish","4":"format-standard","5":"has-post-thumbnail","7":"category-aktualitet","8":"category-rajoni"},"_links":{"self":[{"href":"https:\/\/zjarr.tv\/en\/wp-json\/wp\/v2\/posts\/83651","targetHints":{"allow":["GET"]}}],"collection":[{"href":"https:\/\/zjarr.tv\/en\/wp-json\/wp\/v2\/posts"}],"about":[{"href":"https:\/\/zjarr.tv\/en\/wp-json\/wp\/v2\/types\/post"}],"author":[{"embeddable":true,"href":"https:\/\/zjarr.tv\/en\/wp-json\/wp\/v2\/users\/2013"}],"replies":[{"embeddable":true,"href":"https:\/\/zjarr.tv\/en\/wp-json\/wp\/v2\/comments?post=83651"}],"version-history":[{"count":0,"href":"https:\/\/zjarr.tv\/en\/wp-json\/wp\/v2\/posts\/83651\/revisions"}],"wp:featuredmedia":[{"embeddable":true,"href":"https:\/\/zjarr.tv\/en\/wp-json\/wp\/v2\/media\/50885"}],"wp:attachment":[{"href":"https:\/\/zjarr.tv\/en\/wp-json\/wp\/v2\/media?parent=83651"}],"wp:term":[{"taxonomy":"category","embeddable":true,"href":"https:\/\/zjarr.tv\/en\/wp-json\/wp\/v2\/categories?post=83651"},{"taxonomy":"post_tag","embeddable":true,"href":"https:\/\/zjarr.tv\/en\/wp-json\/wp\/v2\/tags?post=83651"}],"curies":[{"name":"wp","href":"https:\/\/api.w.org\/{rel}","templated":true}]}}