{"id":83653,"date":"2019-05-12T14:37:12","date_gmt":"2019-05-12T12:37:12","guid":{"rendered":"https:\/\/zjarr.tv\/?p=83653"},"modified":"2019-05-12T14:37:12","modified_gmt":"2019-05-12T12:37:12","slug":"vucic-ne-shkup-bisedova-gjate-me-thacin","status":"publish","type":"post","link":"https:\/\/zjarr.tv\/en\/vucic-ne-shkup-bisedova-gjate-me-thacin\/","title":{"rendered":"Vu\u00e7i\u00e7: N\u00eb Shkup bisedova gjat\u00eb me Tha\u00e7in"},"content":{"rendered":"<p><strong>Presidenti serb Aleksand\u00ebr Vu\u00e7iq, pas inaugurimit t\u00eb presidentit t\u00eb ri t\u00eb Maqedonis\u00eb Veriore, Stevo Pendarovski, tha se ka zhvilluar nj\u00eb bised\u00eb m\u00eb homolog\u00ebt e tij nga rajoni.<\/strong><\/p>\n<p>Vu\u00e7iq ka deklaruar se ka biseduar me presidentin e Shqip\u00ebris\u00eb, Ilir Met\u00ebn dhe m\u00eb s\u00eb shumti ka folur me presidentin e Bullgaris\u00eb Rumen Radev si dhe me presidentin e Kosov\u00ebs, Hashim Tha\u00e7i.<\/p>\n<p>Kreu i Serbis\u00eb nuk ka treguar se \u00e7ka ka biseduar me presidentin Tha\u00e7i.<\/p>\n<p>Sipas tij Serbia dhe Republika e Maqedonis\u00eb Veriore do t\u2019i heqin pengesat p\u00ebr t\u2019i p\u00ebrmir\u00ebsuar marr\u00ebdh\u00ebniet q\u00eb tash p\u00ebr tash i r\u00ebndojn\u00eb t\u00eb dy vendet.<\/p>\n<p>Ndryshe, presidenti i ri i Maqedonis\u00eb Veriore, Stevo Pendarovski \u00ebsht\u00eb betuar para deputet\u00ebve dhe p\u00ebrfaq\u00ebsuesve m\u00eb t\u00eb lart\u00eb t\u00eb institucioneve shtet\u00ebrore e fetare, se gjat\u00eb mandatit pes\u00ebvje\u00e7ar do t\u00eb respektoj\u00eb Kushtetut\u00ebn dhe ligjet n\u00eb fuqi, dhe se do t\u00eb mbroj\u00eb sovranitetin dhe integritetin territorial t\u00eb Maqedonis\u00eb s\u00eb Veriut.<\/p>\n<p>N\u00eb seanc\u00ebn solmne kan\u00eb marr\u00eb pjes\u00eb edhe president\u00eb e p\u00ebrfaq\u00ebsues t\u00eb lart\u00eb t\u00eb m\u00eb shum\u00eb shteteve, si president\u00ebt e Shqip\u00ebris\u00eb e Kosov\u00ebs, Ilir Meta e Hashim Tha\u00e7i, presidenti i Serbis\u00eb, Aleksandar Vu\u00e7iq, presidenti i Bullgaris\u00eb, Rumen Radev, ministrat e Jasht\u00ebm t\u00eb Greqis\u00eb dhe Malit t\u00eb Zi si dhe zyrtar\u00eb tjer\u00eb t\u00eb jasht\u00ebm<\/p>\n<p>&nbsp;<\/p>","protected":false},"excerpt":{"rendered":"<p>Presidenti serb Aleksand\u00ebr Vu\u00e7iq, pas inaugurimit t\u00eb presidentit t\u00eb ri t\u00eb Maqedonis\u00eb Veriore, Stevo Pendarovski, tha se ka zhvilluar nj\u00eb bised\u00eb m\u00eb homolog\u00ebt e tij nga rajoni. Vu\u00e7iq ka deklaruar se ka biseduar me presidentin e Shqip\u00ebris\u00eb, Ilir Met\u00ebn dhe m\u00eb s\u00eb shumti ka folur me presidentin e Bullgaris\u00eb Rumen Radev si dhe me presidentin [&hellip;]<\/p>\n","protected":false},"author":2013,"featured_media":69451,"comment_status":"open","ping_status":"closed","sticky":false,"template":"","format":"standard","meta":{"footnotes":""},"categories":[241,2],"tags":[],"class_list":{"0":"post-83653","1":"post","2":"type-post","3":"status-publish","4":"format-standard","5":"has-post-thumbnail","7":"category-aktualitet","8":"category-rajoni"},"_links":{"self":[{"href":"https:\/\/zjarr.tv\/en\/wp-json\/wp\/v2\/posts\/83653","targetHints":{"allow":["GET"]}}],"collection":[{"href":"https:\/\/zjarr.tv\/en\/wp-json\/wp\/v2\/posts"}],"about":[{"href":"https:\/\/zjarr.tv\/en\/wp-json\/wp\/v2\/types\/post"}],"author":[{"embeddable":true,"href":"https:\/\/zjarr.tv\/en\/wp-json\/wp\/v2\/users\/2013"}],"replies":[{"embeddable":true,"href":"https:\/\/zjarr.tv\/en\/wp-json\/wp\/v2\/comments?post=83653"}],"version-history":[{"count":0,"href":"https:\/\/zjarr.tv\/en\/wp-json\/wp\/v2\/posts\/83653\/revisions"}],"wp:featuredmedia":[{"embeddable":true,"href":"https:\/\/zjarr.tv\/en\/wp-json\/wp\/v2\/media\/69451"}],"wp:attachment":[{"href":"https:\/\/zjarr.tv\/en\/wp-json\/wp\/v2\/media?parent=83653"}],"wp:term":[{"taxonomy":"category","embeddable":true,"href":"https:\/\/zjarr.tv\/en\/wp-json\/wp\/v2\/categories?post=83653"},{"taxonomy":"post_tag","embeddable":true,"href":"https:\/\/zjarr.tv\/en\/wp-json\/wp\/v2\/tags?post=83653"}],"curies":[{"name":"wp","href":"https:\/\/api.w.org\/{rel}","templated":true}]}}