{"id":83655,"date":"2019-05-12T14:49:33","date_gmt":"2019-05-12T12:49:33","guid":{"rendered":"https:\/\/zjarr.tv\/?p=83655"},"modified":"2019-05-12T14:49:33","modified_gmt":"2019-05-12T12:49:33","slug":"rama-bashes-te-kam-derguar-nje-sms-me-ler-kryeminister-te-jap-gjithcka","status":"publish","type":"post","link":"https:\/\/zjarr.tv\/en\/rama-bashes-te-kam-derguar-nje-sms-me-ler-kryeminister-te-jap-gjithcka\/","title":{"rendered":"Rama-Bash\u00ebs\/ T\u00eb kam d\u00ebrguar nj\u00eb sms. M\u00eb l\u00ebr kryeminist\u00ebr, t\u00eb jap gjith\u00e7ka"},"content":{"rendered":"<p>Kryeministri Edi Rama n\u00eb nj\u00eb dalje tejet t\u00eb sforcuar ka hequr \u00e7do mask\u00eb.<\/p>\n<p>\u2018I kam d\u00ebrguar nj\u00eb mesazh mikut tim Basha, \u00ebsht\u00eb n\u00eb koh\u00eb t\u00eb t\u00ebrhiqet.<\/p>\n<p>Por meq\u00eb thot\u00eb se jan\u00eb popull dhe nuk duan karrige, jam i gatsh\u00ebm t\u00eb ulem me ta\u2019.<\/p>\n<p>Mesazhi i Rames ishte mjaft i qarte, meq\u00eb nuk do karrigen time hajde ulemi.<\/p>\n<p>Ndryshe nuk ulem.<\/p>\n<p>Foli p\u00ebr qeveri legjitime, por asnj\u00eb fjal\u00eb p\u00ebr dosjen 339.<\/p>\n<p>\u2018I gatsh\u00ebm t\u00eb flas p\u00ebr gjith\u00e7ka, vet\u00ebm p\u00ebr dosjen n\u00eb fjale jo. I gatsh\u00ebm t\u00eb ulem me k\u00ebdo q\u00eb nuk do karrigen time\u2019, ishte pak a shume mesazhi i Edi Ram\u00ebs sot.<\/p>\n<p>&nbsp;<\/p>","protected":false},"excerpt":{"rendered":"<p>Kryeministri Edi Rama n\u00eb nj\u00eb dalje tejet t\u00eb sforcuar ka hequr \u00e7do mask\u00eb. \u2018I kam d\u00ebrguar nj\u00eb mesazh mikut tim Basha, \u00ebsht\u00eb n\u00eb koh\u00eb t\u00eb t\u00ebrhiqet. Por meq\u00eb thot\u00eb se jan\u00eb popull dhe nuk duan karrige, jam i gatsh\u00ebm t\u00eb ulem me ta\u2019. Mesazhi i Rames ishte mjaft i qarte, meq\u00eb nuk do karrigen time [&hellip;]<\/p>\n","protected":false},"author":2013,"featured_media":68798,"comment_status":"open","ping_status":"closed","sticky":false,"template":"","format":"standard","meta":{"footnotes":""},"categories":[241,235],"tags":[],"class_list":{"0":"post-83655","1":"post","2":"type-post","3":"status-publish","4":"format-standard","5":"has-post-thumbnail","7":"category-aktualitet","8":"category-vendi"},"_links":{"self":[{"href":"https:\/\/zjarr.tv\/en\/wp-json\/wp\/v2\/posts\/83655","targetHints":{"allow":["GET"]}}],"collection":[{"href":"https:\/\/zjarr.tv\/en\/wp-json\/wp\/v2\/posts"}],"about":[{"href":"https:\/\/zjarr.tv\/en\/wp-json\/wp\/v2\/types\/post"}],"author":[{"embeddable":true,"href":"https:\/\/zjarr.tv\/en\/wp-json\/wp\/v2\/users\/2013"}],"replies":[{"embeddable":true,"href":"https:\/\/zjarr.tv\/en\/wp-json\/wp\/v2\/comments?post=83655"}],"version-history":[{"count":0,"href":"https:\/\/zjarr.tv\/en\/wp-json\/wp\/v2\/posts\/83655\/revisions"}],"wp:featuredmedia":[{"embeddable":true,"href":"https:\/\/zjarr.tv\/en\/wp-json\/wp\/v2\/media\/68798"}],"wp:attachment":[{"href":"https:\/\/zjarr.tv\/en\/wp-json\/wp\/v2\/media?parent=83655"}],"wp:term":[{"taxonomy":"category","embeddable":true,"href":"https:\/\/zjarr.tv\/en\/wp-json\/wp\/v2\/categories?post=83655"},{"taxonomy":"post_tag","embeddable":true,"href":"https:\/\/zjarr.tv\/en\/wp-json\/wp\/v2\/tags?post=83655"}],"curies":[{"name":"wp","href":"https:\/\/api.w.org\/{rel}","templated":true}]}}