{"id":83659,"date":"2019-05-12T14:58:08","date_gmt":"2019-05-12T12:58:08","guid":{"rendered":"https:\/\/zjarr.tv\/?p=83659"},"modified":"2019-05-12T14:58:08","modified_gmt":"2019-05-12T12:58:08","slug":"parrulla-ne-pallatin-e-borchardt-rama-dhune-kriminale-e-pashembullt","status":"publish","type":"post","link":"https:\/\/zjarr.tv\/en\/parrulla-ne-pallatin-e-borchardt-rama-dhune-kriminale-e-pashembullt\/","title":{"rendered":"Parrulla n\u00eb pallatin e Borchardt, Rama: Dhun\u00eb kriminale e pashembullt"},"content":{"rendered":"<p>Kryeministri Edi Rama ka reaguar p\u00ebr parrull\u00ebn e \u201cBorchardt shame on you\u201d ( \u201cBorchardt t\u00eb t\u00eb vij\u00eb turp,) mbishkrim me t\u00eb zez\u00eb shkruar n\u00eb murin e pallatit ku jeton ambasadori i OSBE-s\u00eb, Bernd Borchard, nj\u00eb dit\u00eb pas protest\u00ebs s\u00eb opozit\u00ebs dhe reagimit t\u00eb saj po mbr\u00ebmjen e djeshme.<\/p>\n<p>Rama u shpreh se kjo \u00ebsht\u00eb nj\u00eb dhun\u00eb kriminale e pashembullt.<\/p>\n<p><strong>Rama:\u00a0<\/strong><em>Nat\u00ebn \u00ebsht\u00eb k\u00ebrc\u00ebnuar ambasadori i OSBE pas nj\u00eb deklarate t\u00eb qart\u00eb q\u00eb foli p\u00ebr organziator\u00ebt p\u00ebrgjegj\u00ebs. Nj\u00eb pyetje duhet tja b\u00ebjm\u00eb t\u00eb gjith\u00eb vetes? Jemi t\u00eb vet\u00ebdijsh\u00ebm se \u00e7far\u00eb \u00ebsht\u00eb kjo? Dhun\u00eb kriminale e pashembullt. Dikush ndjehet i p\u00ebrjashtuar totalisht nga rrjedha e zhvillimeve ekonomike dhe shoq\u00ebrore, vesh jelekun e verdh\u00eb, del n\u00eb shanzelize ose tenton t\u00eb shkoj\u00eb deri n\u00eb der\u00ebn e asambles\u00eb nacionale si\u00e7 quhet Kuvendi i Franc\u00ebs dhe b\u00ebn k\u00ebt\u00eb. \u00cbsht\u00eb e papranueshme, e patolerueshme, por vjen nga dikush q\u00eb ndjehet se ska z\u00eb, vizibilitet dhe ska asgj\u00eb p\u00ebr t\u00eb humbur. Nj\u00eb grupim parlamentar q\u00eb ka detyrimin kushtetues t\u00eb p\u00ebrfaq\u00ebsoj\u00eb t\u00eb tjer\u00ebt, q\u00eb del nga parlamenti dhe pastaj vjen nat\u00ebn para parlamentit me jelekun e ver\u00ebdh\u00eb \u00ebsht\u00eb fundi. Nuk ka nd\u00ebrkomb\u00ebtar q\u00eb t\u00eb ofroj\u00eb nj\u00eb paket\u00eb.Fakti q\u00eb ka shum\u00eb m\u00eb tep\u00ebr koh\u00eb televizive, koh\u00eb mediatike q\u00eb konsumohet p\u00ebr Sahit Dollapin dhe shantazimi i ambasadorit t\u00eb OSBE nga element qart\u00ebsisht me potencial\u00eb t\u00eb lart\u00eb kriminal kalon si nj\u00eb flesh duhet t\u00eb na b\u00ebj\u00eb t\u00eb mendohemi e t\u00eb reflektojm\u00eb.<\/em><\/p>\n<p>&nbsp;<\/p>","protected":false},"excerpt":{"rendered":"<p>Kryeministri Edi Rama ka reaguar p\u00ebr parrull\u00ebn e \u201cBorchardt shame on you\u201d ( \u201cBorchardt t\u00eb t\u00eb vij\u00eb turp,) mbishkrim me t\u00eb zez\u00eb shkruar n\u00eb murin e pallatit ku jeton ambasadori i OSBE-s\u00eb, Bernd Borchard, nj\u00eb dit\u00eb pas protest\u00ebs s\u00eb opozit\u00ebs dhe reagimit t\u00eb saj po mbr\u00ebmjen e djeshme. Rama u shpreh se kjo \u00ebsht\u00eb nj\u00eb [&hellip;]<\/p>\n","protected":false},"author":2013,"featured_media":76602,"comment_status":"open","ping_status":"closed","sticky":false,"template":"","format":"standard","meta":{"footnotes":""},"categories":[241,235],"tags":[],"class_list":{"0":"post-83659","1":"post","2":"type-post","3":"status-publish","4":"format-standard","5":"has-post-thumbnail","7":"category-aktualitet","8":"category-vendi"},"_links":{"self":[{"href":"https:\/\/zjarr.tv\/en\/wp-json\/wp\/v2\/posts\/83659","targetHints":{"allow":["GET"]}}],"collection":[{"href":"https:\/\/zjarr.tv\/en\/wp-json\/wp\/v2\/posts"}],"about":[{"href":"https:\/\/zjarr.tv\/en\/wp-json\/wp\/v2\/types\/post"}],"author":[{"embeddable":true,"href":"https:\/\/zjarr.tv\/en\/wp-json\/wp\/v2\/users\/2013"}],"replies":[{"embeddable":true,"href":"https:\/\/zjarr.tv\/en\/wp-json\/wp\/v2\/comments?post=83659"}],"version-history":[{"count":0,"href":"https:\/\/zjarr.tv\/en\/wp-json\/wp\/v2\/posts\/83659\/revisions"}],"wp:featuredmedia":[{"embeddable":true,"href":"https:\/\/zjarr.tv\/en\/wp-json\/wp\/v2\/media\/76602"}],"wp:attachment":[{"href":"https:\/\/zjarr.tv\/en\/wp-json\/wp\/v2\/media?parent=83659"}],"wp:term":[{"taxonomy":"category","embeddable":true,"href":"https:\/\/zjarr.tv\/en\/wp-json\/wp\/v2\/categories?post=83659"},{"taxonomy":"post_tag","embeddable":true,"href":"https:\/\/zjarr.tv\/en\/wp-json\/wp\/v2\/tags?post=83659"}],"curies":[{"name":"wp","href":"https:\/\/api.w.org\/{rel}","templated":true}]}}