{"id":83664,"date":"2019-05-12T15:15:31","date_gmt":"2019-05-12T13:15:31","guid":{"rendered":"https:\/\/zjarr.tv\/?p=83664"},"modified":"2019-05-12T15:15:31","modified_gmt":"2019-05-12T13:15:31","slug":"bandat-muzikore-marshojne-ne-rruget-e-shkodres","status":"publish","type":"post","link":"https:\/\/zjarr.tv\/en\/bandat-muzikore-marshojne-ne-rruget-e-shkodres\/","title":{"rendered":"Bandat muzikore marshojn\u00eb n\u00eb rrug\u00ebt e Shkodr\u00ebs"},"content":{"rendered":"<p>Qyteti I Shkodr\u00ebs \u00ebsht\u00eb gjall\u00ebruar nga performanca e 8 bandave frymore nga Shqip\u00ebria, Kosova dhe Mali I Zi t\u00eb cilat marshuan nga pedonalja e qytetit \u201cKol\u00eb Idromeno\u201d n\u00eb drejtim t\u00eb sheshit para bashkis\u00eb Shkod\u00ebr.<\/p>\n<p>Me k\u00ebrkes\u00eb t\u00eb Kujtim Alis\u00eb, dirigjentit t\u00eb band\u00ebs frymore t\u00eb Shkodr\u00ebs, 7 bandat e tjera luajt\u00ebn pjes\u00eb muzikore n\u00eb nderim t\u00eb dirigjentit shqiptar Halim Teqja.<\/p>\n<p>8 bandat pjes\u00ebmarr\u00ebse do jen\u00eb pjes\u00eb e koncertit-gar\u00eb \u201cTakim Nd\u00ebrkomb\u00ebtar I Bandave Frymore\u201d q\u00eb do t\u00eb zhvillohet n\u00eb teatrin \u201cMigjeni\u201d.<\/p>\n<p>&nbsp;<\/p>","protected":false},"excerpt":{"rendered":"<p>Qyteti I Shkodr\u00ebs \u00ebsht\u00eb gjall\u00ebruar nga performanca e 8 bandave frymore nga Shqip\u00ebria, Kosova dhe Mali I Zi t\u00eb cilat marshuan nga pedonalja e qytetit \u201cKol\u00eb Idromeno\u201d n\u00eb drejtim t\u00eb sheshit para bashkis\u00eb Shkod\u00ebr. Me k\u00ebrkes\u00eb t\u00eb Kujtim Alis\u00eb, dirigjentit t\u00eb band\u00ebs frymore t\u00eb Shkodr\u00ebs, 7 bandat e tjera luajt\u00ebn pjes\u00eb muzikore n\u00eb nderim t\u00eb [&hellip;]<\/p>\n","protected":false},"author":2013,"featured_media":83665,"comment_status":"open","ping_status":"closed","sticky":false,"template":"","format":"standard","meta":{"footnotes":""},"categories":[241,337,235],"tags":[],"class_list":{"0":"post-83664","1":"post","2":"type-post","3":"status-publish","4":"format-standard","5":"has-post-thumbnail","7":"category-aktualitet","8":"category-kulture","9":"category-vendi"},"_links":{"self":[{"href":"https:\/\/zjarr.tv\/en\/wp-json\/wp\/v2\/posts\/83664","targetHints":{"allow":["GET"]}}],"collection":[{"href":"https:\/\/zjarr.tv\/en\/wp-json\/wp\/v2\/posts"}],"about":[{"href":"https:\/\/zjarr.tv\/en\/wp-json\/wp\/v2\/types\/post"}],"author":[{"embeddable":true,"href":"https:\/\/zjarr.tv\/en\/wp-json\/wp\/v2\/users\/2013"}],"replies":[{"embeddable":true,"href":"https:\/\/zjarr.tv\/en\/wp-json\/wp\/v2\/comments?post=83664"}],"version-history":[{"count":0,"href":"https:\/\/zjarr.tv\/en\/wp-json\/wp\/v2\/posts\/83664\/revisions"}],"wp:featuredmedia":[{"embeddable":true,"href":"https:\/\/zjarr.tv\/en\/wp-json\/wp\/v2\/media\/83665"}],"wp:attachment":[{"href":"https:\/\/zjarr.tv\/en\/wp-json\/wp\/v2\/media?parent=83664"}],"wp:term":[{"taxonomy":"category","embeddable":true,"href":"https:\/\/zjarr.tv\/en\/wp-json\/wp\/v2\/categories?post=83664"},{"taxonomy":"post_tag","embeddable":true,"href":"https:\/\/zjarr.tv\/en\/wp-json\/wp\/v2\/tags?post=83664"}],"curies":[{"name":"wp","href":"https:\/\/api.w.org\/{rel}","templated":true}]}}