{"id":83667,"date":"2019-05-12T15:24:09","date_gmt":"2019-05-12T13:24:09","guid":{"rendered":"https:\/\/zjarr.tv\/?p=83667"},"modified":"2019-05-12T15:24:09","modified_gmt":"2019-05-12T13:24:09","slug":"dylgjeri-frymarja-mu-morr-lotet-me-mbuluan-deri-ne-vjellje","status":"publish","type":"post","link":"https:\/\/zjarr.tv\/en\/dylgjeri-frymarja-mu-morr-lotet-me-mbuluan-deri-ne-vjellje\/","title":{"rendered":"Dylgjeri: Frymarja mu morr, lot\u00ebt m\u00eb mbuluan deri n\u00eb vjellje"},"content":{"rendered":"<p>Ylli Dylgjeri ka publikuar n\u00eb faqen e tij n\u00eb facebook nj\u00eb realitet t\u00eb hidhur qe e ka p\u00ebrjetuar nj\u00eb nat\u00eb m\u00eb par\u00eb pas p\u00ebrdorimit masiv t\u00eb gazit lotsjell\u00ebs nga struktura e policis\u00eb kund\u00ebr protest\u00ebs s\u00eb opozit\u00ebs. Ai tregon n\u00eb shenimin e tij nj\u00eb histori t\u00eb tij me ish ministrin e Br\u00ebndsh\u00ebm Luan Rama me te cilin sipas tij jan\u00eb takuar gjt\u00eb protest\u00ebs s\u00eb djeshme n\u00eb or\u00ebt e vona t\u00eb dark\u00ebs.<\/p>\n<p>\u201cPor aty na ndodhi\u00a0 e pa pritura&#8230;Nj\u00eb val\u00eb gazi helmues na zuri fytin, na lotoi syt\u00eb, aq sa nuk pash\u00eb m\u00eb ku ika\u00a0e ku m\u00eb \u00e7uan k\u00ebmb\u00ebt. Frymarja mu morr, lot\u00ebt m\u00eb mbuluan deri n\u00eb vjellje, shkruan Dylgjeri.<\/p>\n<p><strong>Ja postimi i tij i plot\u00eb:<\/strong><\/p>\n<p><em>Kishte kap\u00ebrcyer ora 24.00 e nat\u00ebs s\u00eb mbr\u00ebmshme. Takoj rast\u00ebsisht n\u00eb bllok ish Ministrin e Rendit Luan Rama t\u00eb vitit 2003&#8230; Koh\u00eb kur Ai ishte Minist\u00ebr e un\u00eb Sekretar i P\u00ebrgjithsh\u00ebm i Rendit. Pasi u p\u00ebrsh\u00ebndet\u00ebm vendos\u00ebm t\u00eb sh\u00ebtisim n\u00eb at\u00eb or\u00eb t\u00eb von\u00eb. Biseda u ndal p\u00ebr ngjarjen e dit\u00ebs, Protest\u00ebn. Protest\u00eb q\u00eb ende po vijonte n\u00eb ato \u00e7aste te Drejtoria e Policis\u00eb s\u00eb Tiran\u00ebs p\u00ebr ndalim e Sahit Dollapit.\u00a0<\/em><br \/>\n<em>E pyes Luanin:<\/em><br \/>\n<em>A p\u00ebrdor\u00ebm ndonj\u00ebher\u00eb n\u00eb koh\u00ebn\u00a0e drejtimit ton\u00eb gaz, se nuk po m\u00eb kujtohet?<\/em><br \/>\n<em>Jo &#8211; tha prer\u00eb Luani. Oso kohe ne nuk kishim gaz. Por t\u00eb kishim Ty, q\u00eb na mbysje me gaz humori&#8230;<\/em><br \/>\n<em>K\u00ebshtu vazhduam ecjen dhe k\u00ebmb\u00ebt na \u00e7uan\u00a0n\u00eb krye t\u00eb rrug\u00ebs q\u00eb nd\u00ebrpret Bllokun me Unaz\u00ebn&#8230; te kinema Agimi. Por aty na ndodhi\u00a0 e pa pritura&#8230;Nj\u00eb val\u00eb gazi helmues na zuri fytin, na lotoi syt\u00eb, aq sa nuk pash\u00eb m\u00eb ku ika\u00a0e ku m\u00eb \u00e7uan k\u00ebmb\u00ebt. Frymarja mu morr, lot\u00ebt m\u00eb mbuluan deri n\u00eb vjellje. Nuk e pash\u00eb m\u00eb kolegun n\u00eb krah se ku ishte&#8230; kishim humbur nj\u00ebri- tjetrin, q\u00eb se humb\u00ebm kurr\u00eb asnj\u00eb \u00e7ast\u00a0kur drejtonim Ministrin\u00eb e Rendit t\u00eb viteve 2003. Na ndau gazi helmues&#8230;<\/em><br \/>\n<em>Jemi n\u00eb vitin 2019.Minist\u00ebr i Br\u00ebndsh\u00ebm \u00ebsht\u00eb ushtaraku Sand\u00ebr Lleshi. Jepi gaz Llesh!\u00a0<\/em><br \/>\n<em>Por vetem Kujdes! Do t\u00eb sh\u00ebtis\u00ebsh nj\u00eb dit\u00eb n\u00eb Tiran\u00eb.<\/em><\/p>\n<p>&nbsp;<\/p>\n<p>&nbsp;<\/p>","protected":false},"excerpt":{"rendered":"<p>Ylli Dylgjeri ka publikuar n\u00eb faqen e tij n\u00eb facebook nj\u00eb realitet t\u00eb hidhur qe e ka p\u00ebrjetuar nj\u00eb nat\u00eb m\u00eb par\u00eb pas p\u00ebrdorimit masiv t\u00eb gazit lotsjell\u00ebs nga struktura e policis\u00eb kund\u00ebr protest\u00ebs s\u00eb opozit\u00ebs. Ai tregon n\u00eb shenimin e tij nj\u00eb histori t\u00eb tij me ish ministrin e Br\u00ebndsh\u00ebm Luan Rama me te [&hellip;]<\/p>\n","protected":false},"author":2013,"featured_media":0,"comment_status":"open","ping_status":"closed","sticky":false,"template":"","format":"standard","meta":{"footnotes":""},"categories":[241,235],"tags":[],"class_list":{"0":"post-83667","1":"post","2":"type-post","3":"status-publish","4":"format-standard","6":"category-aktualitet","7":"category-vendi"},"_links":{"self":[{"href":"https:\/\/zjarr.tv\/en\/wp-json\/wp\/v2\/posts\/83667","targetHints":{"allow":["GET"]}}],"collection":[{"href":"https:\/\/zjarr.tv\/en\/wp-json\/wp\/v2\/posts"}],"about":[{"href":"https:\/\/zjarr.tv\/en\/wp-json\/wp\/v2\/types\/post"}],"author":[{"embeddable":true,"href":"https:\/\/zjarr.tv\/en\/wp-json\/wp\/v2\/users\/2013"}],"replies":[{"embeddable":true,"href":"https:\/\/zjarr.tv\/en\/wp-json\/wp\/v2\/comments?post=83667"}],"version-history":[{"count":0,"href":"https:\/\/zjarr.tv\/en\/wp-json\/wp\/v2\/posts\/83667\/revisions"}],"wp:attachment":[{"href":"https:\/\/zjarr.tv\/en\/wp-json\/wp\/v2\/media?parent=83667"}],"wp:term":[{"taxonomy":"category","embeddable":true,"href":"https:\/\/zjarr.tv\/en\/wp-json\/wp\/v2\/categories?post=83667"},{"taxonomy":"post_tag","embeddable":true,"href":"https:\/\/zjarr.tv\/en\/wp-json\/wp\/v2\/tags?post=83667"}],"curies":[{"name":"wp","href":"https:\/\/api.w.org\/{rel}","templated":true}]}}