{"id":83669,"date":"2019-05-12T15:26:48","date_gmt":"2019-05-12T13:26:48","guid":{"rendered":"https:\/\/zjarr.tv\/?p=83669"},"modified":"2019-05-12T15:26:48","modified_gmt":"2019-05-12T13:26:48","slug":"rama-tregon-arsyen-pse-thirri-ne-zyre-markun-lleshajn-dhe-gjonin","status":"publish","type":"post","link":"https:\/\/zjarr.tv\/en\/rama-tregon-arsyen-pse-thirri-ne-zyre-markun-lleshajn-dhe-gjonin\/","title":{"rendered":"Rama tregon arsyen pse thirri ne zyre Markun, Lleshajn dhe Gjonin"},"content":{"rendered":"<p>Kryeministri Edi Rama pranon se paraditen e sotme ka thirrur ne nje takim kryeprokuroren Arta Marku, dhe drejtuesit e larte te institucioneve ligjzbatuese. Madje shtoi se do padise nje burim mediatik i cili sipas Rames ka shpifur per biseden qe ka ndodhur ne kete takim.<\/p>\n<p><strong>Edi Rama:<\/strong>\u00a0&#8220;<em>Po dhe nj\u00eb burim mediatik madje e kemi listuar n\u00eb at\u00eb list\u00ebn e zyr\u00ebs q\u00eb punon me shpifjet. Jan\u00eb shum\u00eb gjyqe q\u00eb jan\u00eb hapur deritani me shpif\u00ebsit profesionist\u00eb por do vazhdoj\u00eb. Sepse e kishte nxjerr\u00eb q\u00eb un\u00eb kam k\u00ebrkuar q\u00eb prokuria t\u00eb coj\u00eb hetimin tek Prokuroria e Krimeve t\u00eb R\u00ebnda dhe ajo m\u00eb ka rezufuar. E kam thirrur Po, Prokuroren e P\u00ebrgjithshme s\u00eb bashku me drejtuesit e tjer\u00eb t\u00eb agjencive ligjzbatuese p\u00ebr t\u00eb n\u00ebnvizuar domosdoshm\u00ebrin\u00eb e v\u00ebmendjes n\u00eb nj\u00eb proces ku dje u dha mesazhi i k\u00ebrc\u00ebnimit kushtetues, dhe p\u00ebr t\u00eb garantuar q\u00eb ky mesazh nuk do t\u00eb gjej\u00eb rrug\u00eb p\u00ebr t\u2019u kthyer n\u00eb nj\u00eb proces p\u00ebr t\u00eb bllokuar zgjedhet. Zgjedhjet jan\u00eb themeli dhe prekja e tyre \u00ebsht\u00eb prekje e ngrehin\u00ebs s\u00eb p\u00ebrbashk\u00ebt.&#8221;<\/em><\/p>\n<p><strong>Dhuna n\u00eb protest\u00eb: Lleshaj, Marku e Gjonaj n\u00eb zyr\u00ebn e Ram\u00ebs, dhjetra te shoqeruar<\/strong><\/p>\n<p>N\u00eb or\u00ebt e para t\u00eb m\u00ebngjesit t\u00eb dit\u00ebs s\u00eb sotme n\u00eb kryeministri kan\u00eb shkuar zyrtar\u00eb t\u00eb lart\u00eb t\u00eb Shtetit, t\u00eb cil\u00ebt jan\u00eb takuar me Kryeministrin Edi Rama.<\/p>\n<p>Burime p\u00ebr RTV Ora b\u00ebn\u00eb me dije se Rama \u00ebsht\u00eb takuar me ministren e Drejt\u00ebsis\u00eb Etilda Gjonaj, Ministrin e Brendsh\u00ebm Sand\u00ebr Lleshaj, shefi i SHISH Helidon Bendo dhe kryeprokurorja e p\u00ebrgjithshme e p\u00ebrkohshme, Arta Marku.<\/p>\n<p>N\u00eb qend\u00ebr t\u00eb diskutimit m\u00ebsohet se ka qen\u00eb protesta e opozit\u00ebs dhe dhuna e ushtruar n\u00eb t\u00eb nga t\u00eb dyja pal\u00ebt, edhe protestuesit edhe policia.<\/p>\n<p>Bombat molotov, mbi fasad\u00ebn e kryeministris\u00eb, kryesis\u00eb s\u00eb Kuvendit dhe m\u00eb pas n\u00eb zon\u00ebn e parlamentit, flakadan\u00ebt dhe p\u00ebrballjet e protestuesve me gazin lotsjell\u00ebs t\u00eb l\u00ebshuar nga Policia e Forcat Speciale, num\u00ebruan rreth 15 efektiv\u00eb t\u00eb d\u00ebmtuar dhe t\u00eb pakt\u00ebn 50 protestues t\u00eb ndaluar e shoq\u00ebruar nga uniformat blu.<\/p>\n<p>&nbsp;<\/p>","protected":false},"excerpt":{"rendered":"<p>Kryeministri Edi Rama pranon se paraditen e sotme ka thirrur ne nje takim kryeprokuroren Arta Marku, dhe drejtuesit e larte te institucioneve ligjzbatuese. Madje shtoi se do padise nje burim mediatik i cili sipas Rames ka shpifur per biseden qe ka ndodhur ne kete takim. Edi Rama:\u00a0&#8220;Po dhe nj\u00eb burim mediatik madje e kemi listuar [&hellip;]<\/p>\n","protected":false},"author":2013,"featured_media":58226,"comment_status":"open","ping_status":"closed","sticky":false,"template":"","format":"standard","meta":{"footnotes":""},"categories":[241,235],"tags":[],"class_list":{"0":"post-83669","1":"post","2":"type-post","3":"status-publish","4":"format-standard","5":"has-post-thumbnail","7":"category-aktualitet","8":"category-vendi"},"_links":{"self":[{"href":"https:\/\/zjarr.tv\/en\/wp-json\/wp\/v2\/posts\/83669","targetHints":{"allow":["GET"]}}],"collection":[{"href":"https:\/\/zjarr.tv\/en\/wp-json\/wp\/v2\/posts"}],"about":[{"href":"https:\/\/zjarr.tv\/en\/wp-json\/wp\/v2\/types\/post"}],"author":[{"embeddable":true,"href":"https:\/\/zjarr.tv\/en\/wp-json\/wp\/v2\/users\/2013"}],"replies":[{"embeddable":true,"href":"https:\/\/zjarr.tv\/en\/wp-json\/wp\/v2\/comments?post=83669"}],"version-history":[{"count":0,"href":"https:\/\/zjarr.tv\/en\/wp-json\/wp\/v2\/posts\/83669\/revisions"}],"wp:featuredmedia":[{"embeddable":true,"href":"https:\/\/zjarr.tv\/en\/wp-json\/wp\/v2\/media\/58226"}],"wp:attachment":[{"href":"https:\/\/zjarr.tv\/en\/wp-json\/wp\/v2\/media?parent=83669"}],"wp:term":[{"taxonomy":"category","embeddable":true,"href":"https:\/\/zjarr.tv\/en\/wp-json\/wp\/v2\/categories?post=83669"},{"taxonomy":"post_tag","embeddable":true,"href":"https:\/\/zjarr.tv\/en\/wp-json\/wp\/v2\/tags?post=83669"}],"curies":[{"name":"wp","href":"https:\/\/api.w.org\/{rel}","templated":true}]}}