{"id":83671,"date":"2019-05-12T15:28:01","date_gmt":"2019-05-12T13:28:01","guid":{"rendered":"https:\/\/zjarr.tv\/?p=83671"},"modified":"2019-05-12T15:28:01","modified_gmt":"2019-05-12T13:28:01","slug":"profesori-kosovar-rusia-po-djeg-shqiperine-nepermjet-rames","status":"publish","type":"post","link":"https:\/\/zjarr.tv\/en\/profesori-kosovar-rusia-po-djeg-shqiperine-nepermjet-rames\/","title":{"rendered":"Profesori kosovar\/ Rusia po djeg Shqip\u00ebrine n\u00ebp\u00ebrmjet Ram\u00ebs"},"content":{"rendered":"<p>Profesori i njohur kosovar Milazim Krasniqi shkruan se \u201cPasi nuk arriti t\u2019ia fus\u00eb flak\u00ebn Kosov\u00ebs, si pjes\u00ebtar\u00eb i komplotit me Vu\u00e7iqin, Edi Rama si duket ka vendosur t\u2019ia fut\u00eb flak\u00ebn Shqip\u00ebris\u00eb.\u201d<br \/>\nKrasniqi thekson se \u201cPansllavizmit dhe Rusis\u00eb putiniane i nevojitet zjarri dikund n\u00eb Ballkan.\u201d<\/p>\n<p><strong>Ja reagimi i plot\u00eb i Milazim Krasniqit<\/strong><br \/>\n<em>Pasi nuk arriti t\u2019ia fus\u00eb flak\u00ebn Kosov\u00ebs, si pjes\u00ebtar\u00eb i komplotit me Vu\u00e7iqin, Edi Rama si duket ka vendosur t\u2019ia fut\u00eb flak\u00ebn Shqip\u00ebris\u00eb. Pansllavizmit dhe Rusis\u00eb putiniane i nevojitet zjarri dikund n\u00eb Ballkan. Nuk pati sukses n\u00eb Mal t\u00eb Zi, d\u00ebshtoi n\u00eb Maqedoni, gjasat jan\u00eb q\u00eb d\u00ebshtoi edhe n\u00eb Kosov\u00eb, prandaj tash i \u00ebsht\u00eb drejtuar Shqip\u00ebris\u00eb. Pas brutalitetit t\u00eb djesh\u00ebm policor, rreziku p\u00ebr nj\u00eb destabilizim t\u00eb r\u00ebnd\u00eb t\u00eb Shqip\u00ebris\u00eb v\u00ebrtet \u00ebsht\u00eb i madh. Kjo edhe p\u00ebr arsyen se bizantizmi n\u00eb Shqip\u00ebri \u00ebsht\u00eb shum\u00eb virulent. Ve\u00e7 kujtojeni psikoz\u00ebn bizantiniste t\u00eb vitit 1997!<\/em><\/p>\n<p>&nbsp;<\/p>","protected":false},"excerpt":{"rendered":"<p>Profesori i njohur kosovar Milazim Krasniqi shkruan se \u201cPasi nuk arriti t\u2019ia fus\u00eb flak\u00ebn Kosov\u00ebs, si pjes\u00ebtar\u00eb i komplotit me Vu\u00e7iqin, Edi Rama si duket ka vendosur t\u2019ia fut\u00eb flak\u00ebn Shqip\u00ebris\u00eb.\u201d Krasniqi thekson se \u201cPansllavizmit dhe Rusis\u00eb putiniane i nevojitet zjarri dikund n\u00eb Ballkan.\u201d Ja reagimi i plot\u00eb i Milazim Krasniqit Pasi nuk arriti t\u2019ia [&hellip;]<\/p>\n","protected":false},"author":2013,"featured_media":83575,"comment_status":"open","ping_status":"closed","sticky":false,"template":"","format":"standard","meta":{"footnotes":""},"categories":[241,235],"tags":[],"class_list":{"0":"post-83671","1":"post","2":"type-post","3":"status-publish","4":"format-standard","5":"has-post-thumbnail","7":"category-aktualitet","8":"category-vendi"},"_links":{"self":[{"href":"https:\/\/zjarr.tv\/en\/wp-json\/wp\/v2\/posts\/83671","targetHints":{"allow":["GET"]}}],"collection":[{"href":"https:\/\/zjarr.tv\/en\/wp-json\/wp\/v2\/posts"}],"about":[{"href":"https:\/\/zjarr.tv\/en\/wp-json\/wp\/v2\/types\/post"}],"author":[{"embeddable":true,"href":"https:\/\/zjarr.tv\/en\/wp-json\/wp\/v2\/users\/2013"}],"replies":[{"embeddable":true,"href":"https:\/\/zjarr.tv\/en\/wp-json\/wp\/v2\/comments?post=83671"}],"version-history":[{"count":0,"href":"https:\/\/zjarr.tv\/en\/wp-json\/wp\/v2\/posts\/83671\/revisions"}],"wp:featuredmedia":[{"embeddable":true,"href":"https:\/\/zjarr.tv\/en\/wp-json\/wp\/v2\/media\/83575"}],"wp:attachment":[{"href":"https:\/\/zjarr.tv\/en\/wp-json\/wp\/v2\/media?parent=83671"}],"wp:term":[{"taxonomy":"category","embeddable":true,"href":"https:\/\/zjarr.tv\/en\/wp-json\/wp\/v2\/categories?post=83671"},{"taxonomy":"post_tag","embeddable":true,"href":"https:\/\/zjarr.tv\/en\/wp-json\/wp\/v2\/tags?post=83671"}],"curies":[{"name":"wp","href":"https:\/\/api.w.org\/{rel}","templated":true}]}}