{"id":83676,"date":"2019-05-12T15:39:39","date_gmt":"2019-05-12T13:39:39","guid":{"rendered":"https:\/\/zjarr.tv\/?p=83676"},"modified":"2019-05-12T15:39:39","modified_gmt":"2019-05-12T13:39:39","slug":"kishat-e-sri-lankes-hapen-per-meshen-e-pare-pas-sulmeve","status":"publish","type":"post","link":"https:\/\/zjarr.tv\/en\/kishat-e-sri-lankes-hapen-per-meshen-e-pare-pas-sulmeve\/","title":{"rendered":"Kishat e Sri-Lank\u00ebs hapen p\u00ebr mesh\u00ebn e par\u00eb pas sulmeve"},"content":{"rendered":"<p>Besimtar\u00ebt katolik\u00eb t\u00eb qyteteve Kolombo dhe Negombo t\u00eb Sri-Lank\u00ebs, t\u00eb cilat u godit\u00ebn nga sulmet e p\u00ebrgjakshme me bomba muajin e kaluar, kan\u00eb marr\u00eb pjes\u00eb sot n\u00eb mesh\u00ebn e par\u00eb pas k\u00ebtyre shp\u00ebrthimeve. N\u00eb disa sulme ishin vrar\u00eb m\u00eb shum\u00eb se 250 njer\u00ebz.<\/p>\n<p>Policia b\u00ebri roj\u00eb n\u00eb hyrjen e kish\u00ebs \u201cSaint Lucia\u201d t\u00eb Kolombos, nj\u00eb nga kishat m\u00eb t\u00eb m\u00ebdha n\u00eb k\u00ebt\u00eb shtet. Ajo ishte e mbushur me besimtar\u00eb, p\u00ebrfshir\u00eb shum\u00eb prej atyre q\u00eb kan\u00eb humbur familjar\u00eb n\u00eb shp\u00ebrthimet e 21 prillit, p\u00ebrgjegj\u00ebsin\u00eb p\u00ebr t\u00eb cilat e mori i ashtuquajturi Shteti Islamik.<\/p>\n<p>Njer\u00ebzit q\u00eb mor\u00ebn pjes\u00eb n\u00eb k\u00ebto mesha u kontrolluan n\u00eb holl\u00ebsi nga policia. Ata nuk kishin t\u00eb drejt\u00eb t\u00eb bartin \u00e7anta dhe rrug\u00ebt ishin t\u00eb bllokuara nga ushtar\u00ebt dhe polic\u00ebt. Pjes\u00ebtar\u00eb t\u00eb maskuar t\u00eb forcave t\u00eb siguris\u00eb u pan\u00eb gjithashtu duke patrulluar me moto\u00e7ikleta.<\/p>\n<p>Nx\u00ebn\u00ebsit q\u00eb ndjekin m\u00ebsimin n\u00eb shkolla publike u kthyen n\u00eb bankat shkollore jav\u00ebn e kaluar. Kampuset ruheshin nga policia dhe nga prind\u00ebrit u k\u00ebrkua q\u00eb \u00e7antat e f\u00ebmij\u00ebve t\u2019i z\u00ebvend\u00ebsojn\u00eb me qese t\u00eb tejdukshme. Megjithat\u00eb, shum\u00eb f\u00ebmij\u00eb dhe student\u00eb po mungojn\u00eb.<\/p>\n<p>Nd\u00ebrkaq, shkollat katolike private, t\u00eb cilat kan\u00eb qen\u00eb t\u00eb mbyllura nga data e sulmeve, pritet t\u00eb hapen t\u00eb mart\u00ebn e ardhshme.<\/p>\n<p>N\u00eb qytetet kryesore t\u00eb vendit ende v\u00ebrehet prani e madhe e policis\u00eb dhe ushtris\u00eb. Forcat e siguris\u00eb po vazhdojn\u00eb k\u00ebrkimet p\u00ebr personat e dyshuar q\u00eb e organizuan dhe kryen nj\u00eb nd\u00ebr sulmet m\u00eb t\u00eb p\u00ebrgjakshme n\u00eb histori t\u00eb k\u00ebtij shteti, shkruan \u201cThe Guardian\u201d<\/p>\n<p>&nbsp;<\/p>","protected":false},"excerpt":{"rendered":"<p>Besimtar\u00ebt katolik\u00eb t\u00eb qyteteve Kolombo dhe Negombo t\u00eb Sri-Lank\u00ebs, t\u00eb cilat u godit\u00ebn nga sulmet e p\u00ebrgjakshme me bomba muajin e kaluar, kan\u00eb marr\u00eb pjes\u00eb sot n\u00eb mesh\u00ebn e par\u00eb pas k\u00ebtyre shp\u00ebrthimeve. N\u00eb disa sulme ishin vrar\u00eb m\u00eb shum\u00eb se 250 njer\u00ebz. Policia b\u00ebri roj\u00eb n\u00eb hyrjen e kish\u00ebs \u201cSaint Lucia\u201d t\u00eb Kolombos, nj\u00eb [&hellip;]<\/p>\n","protected":false},"author":2013,"featured_media":83677,"comment_status":"open","ping_status":"closed","sticky":false,"template":"","format":"standard","meta":{"footnotes":""},"categories":[241,191],"tags":[],"class_list":{"0":"post-83676","1":"post","2":"type-post","3":"status-publish","4":"format-standard","5":"has-post-thumbnail","7":"category-aktualitet","8":"category-bota"},"_links":{"self":[{"href":"https:\/\/zjarr.tv\/en\/wp-json\/wp\/v2\/posts\/83676","targetHints":{"allow":["GET"]}}],"collection":[{"href":"https:\/\/zjarr.tv\/en\/wp-json\/wp\/v2\/posts"}],"about":[{"href":"https:\/\/zjarr.tv\/en\/wp-json\/wp\/v2\/types\/post"}],"author":[{"embeddable":true,"href":"https:\/\/zjarr.tv\/en\/wp-json\/wp\/v2\/users\/2013"}],"replies":[{"embeddable":true,"href":"https:\/\/zjarr.tv\/en\/wp-json\/wp\/v2\/comments?post=83676"}],"version-history":[{"count":0,"href":"https:\/\/zjarr.tv\/en\/wp-json\/wp\/v2\/posts\/83676\/revisions"}],"wp:featuredmedia":[{"embeddable":true,"href":"https:\/\/zjarr.tv\/en\/wp-json\/wp\/v2\/media\/83677"}],"wp:attachment":[{"href":"https:\/\/zjarr.tv\/en\/wp-json\/wp\/v2\/media?parent=83676"}],"wp:term":[{"taxonomy":"category","embeddable":true,"href":"https:\/\/zjarr.tv\/en\/wp-json\/wp\/v2\/categories?post=83676"},{"taxonomy":"post_tag","embeddable":true,"href":"https:\/\/zjarr.tv\/en\/wp-json\/wp\/v2\/tags?post=83676"}],"curies":[{"name":"wp","href":"https:\/\/api.w.org\/{rel}","templated":true}]}}