{"id":83689,"date":"2019-05-12T16:04:10","date_gmt":"2019-05-12T14:04:10","guid":{"rendered":"https:\/\/zjarr.tv\/?p=83689"},"modified":"2019-05-12T16:04:10","modified_gmt":"2019-05-12T14:04:10","slug":"paloka-i-kujton-rames-cfare-thoshte-me-21-janar","status":"publish","type":"post","link":"https:\/\/zjarr.tv\/en\/paloka-i-kujton-rames-cfare-thoshte-me-21-janar\/","title":{"rendered":"Paloka i kujton Ram\u00ebs \u00e7far\u00eb thoshte me 21 janar"},"content":{"rendered":"<p>Ram\u00ebs, nj\u00eb dit\u00eb pas dhun\u00ebs barbare t\u00eb policis\u00eb mbi qytetar\u00ebt dhe drejtuesit e opozit\u00ebs.<br \/>\nPaloka i \u201ckujton\u201d Ram\u00ebs se \u201cai dhe banda e tij qe sot qeveris , sulmuan policine ne m\u00ebnyr\u00eb \u00e7njerezore. Mbi 50 polic\u00eb u shtruan ne spital pasi u gjakos\u00ebn dhe plagos\u00ebn nga goditjet direkte shtazarake me hunj dhe gur\u00eb para syve te gjithe bot\u00ebs.\u201d.<br \/>\nPaloka thekson se sa her\u00eb q\u00eb Rama kapet n\u00eb krim, ai me konet e tij, th\u00ebrrasin n\u00eb ndihm\u00eb 21 janarin.<br \/>\nAi i b\u00ebn thirrje Ram\u00ebs se p\u00ebrdor gjakun e atyre njer\u00ebzve p\u00ebr t\u00eb mbuluar krimin dhe korrupsionin e tij.<br \/>\nJa reagimi i plot\u00eb i Palok\u00ebs<br \/>\nRama dhe konet e tij sa here kapen ne krim therrasin ne ndihme 21 janarin.<br \/>\nSi nje grup kriminal me 21 janar , Rama dhe banda e tij qe sot qeveris , sulmuan policine ne menyre cnjerezore. Mbi 50 police u shtruan ne spital pasi u gjakosen dhe plagosen nga goditjet direkte shtazarake me hunj dhe gure para syve te gjithe botes.<br \/>\nKjo nuk ka ndodhur ne protestat e qytetareve. Perkundrazi, mesazhet e liderit te opozites kane qene gjithmone ne mbrojtje te efektiveve te paperlyer me krimin , ndaj cdo lendim i paqellimshem eshte vetem justifikim i Edi Rames per te ushtruar dhe nxitur dhune. Dhuna eshte interesi i Rames, qytetaret duan Shqiperine si Europa.<br \/>\nPor ndersa sot perdor 21 janarin si mbroje nga krimet e tij, Edi Rama qe me 19 janar 2011 bente thirrje per \u201cte kaluar mbi kufoma\u201d, sapo mori pushtetin, gardistin e \u2018grupit t\u00eb zjarrit\u2019 e beri drejtor te OSHEE , kryetar te PS ne Mat dhe tani kandidat te PS-s\u00eb p\u00ebr Bashkin\u00eb Mat.<br \/>\nPyetjet qe lindin natyrshem sot jane; cili eshte sherbimi qe ky gardist i ka bere Rames me 21janar? Pse u shperblye gardisti i grupit te zjarrit te 21 janarit kaq fort nga Edi Rama?<br \/>\nO i pafytyre mjaft e perdore me gjakun e atyre njerezve per te mbuluar krimin dhe korrupsionin tend.<\/p>","protected":false},"excerpt":{"rendered":"<p>Ram\u00ebs, nj\u00eb dit\u00eb pas dhun\u00ebs barbare t\u00eb policis\u00eb mbi qytetar\u00ebt dhe drejtuesit e opozit\u00ebs. Paloka i \u201ckujton\u201d Ram\u00ebs se \u201cai dhe banda e tij qe sot qeveris , sulmuan policine ne m\u00ebnyr\u00eb \u00e7njerezore. Mbi 50 polic\u00eb u shtruan ne spital pasi u gjakos\u00ebn dhe plagos\u00ebn nga goditjet direkte shtazarake me hunj dhe gur\u00eb para syve [&hellip;]<\/p>\n","protected":false},"author":2013,"featured_media":50732,"comment_status":"open","ping_status":"closed","sticky":false,"template":"","format":"standard","meta":{"footnotes":""},"categories":[241,235],"tags":[],"class_list":{"0":"post-83689","1":"post","2":"type-post","3":"status-publish","4":"format-standard","5":"has-post-thumbnail","7":"category-aktualitet","8":"category-vendi"},"_links":{"self":[{"href":"https:\/\/zjarr.tv\/en\/wp-json\/wp\/v2\/posts\/83689","targetHints":{"allow":["GET"]}}],"collection":[{"href":"https:\/\/zjarr.tv\/en\/wp-json\/wp\/v2\/posts"}],"about":[{"href":"https:\/\/zjarr.tv\/en\/wp-json\/wp\/v2\/types\/post"}],"author":[{"embeddable":true,"href":"https:\/\/zjarr.tv\/en\/wp-json\/wp\/v2\/users\/2013"}],"replies":[{"embeddable":true,"href":"https:\/\/zjarr.tv\/en\/wp-json\/wp\/v2\/comments?post=83689"}],"version-history":[{"count":0,"href":"https:\/\/zjarr.tv\/en\/wp-json\/wp\/v2\/posts\/83689\/revisions"}],"wp:featuredmedia":[{"embeddable":true,"href":"https:\/\/zjarr.tv\/en\/wp-json\/wp\/v2\/media\/50732"}],"wp:attachment":[{"href":"https:\/\/zjarr.tv\/en\/wp-json\/wp\/v2\/media?parent=83689"}],"wp:term":[{"taxonomy":"category","embeddable":true,"href":"https:\/\/zjarr.tv\/en\/wp-json\/wp\/v2\/categories?post=83689"},{"taxonomy":"post_tag","embeddable":true,"href":"https:\/\/zjarr.tv\/en\/wp-json\/wp\/v2\/tags?post=83689"}],"curies":[{"name":"wp","href":"https:\/\/api.w.org\/{rel}","templated":true}]}}