{"id":83702,"date":"2019-05-12T16:42:14","date_gmt":"2019-05-12T14:42:14","guid":{"rendered":"https:\/\/zjarr.tv\/?p=83702"},"modified":"2019-05-12T16:42:14","modified_gmt":"2019-05-12T14:42:14","slug":"nenstacioni-ne-fushe-kruje-balluku-investimet-eficente","status":"publish","type":"post","link":"https:\/\/zjarr.tv\/en\/nenstacioni-ne-fushe-kruje-balluku-investimet-eficente\/","title":{"rendered":"N\u00ebnstacioni n\u00eb Fush\u00eb-Kruj\u00eb\/ Balluku: Investimet efi\u00e7ente"},"content":{"rendered":"<p><strong>Me nj\u00eb investim prej 1 miliard\u00eb lek\u00ebsh t\u00eb Operatorit t\u00eb Shp\u00ebrndarjes s\u00eb Energjis\u00eb Elektrike, zona e Fush\u00eb-Kruj\u00ebs dhe fshatrat p\u00ebrreth, kan\u00eb nj\u00eb furnizim m\u00eb t\u00eb mir\u00eb me energji elektrike.<\/strong><\/p>\n<p>Investimi p\u00ebrfshin ngritjen e n\u00ebnstacionit mobile, nd\u00ebrtimin e 5 fiderave 20 kv, nd\u00ebrtimin e 120 kabinave, vendosjen e 2500 shtyllave si dhe shtrimin e 130 kilometra rrjet kabllor abc.<\/p>\n<p>Ministrja e Infrastruktur\u00ebs dhe Energjis\u00eb, Belinda Balluku, e shoq\u00ebruar nga administratori i OSHEE, Adrian \u00c7ela, inspektuan nga af\u00ebr n\u00ebnstacionin e ri.<\/p>\n<p><strong>Administratori \u00c7ela b\u00ebri t\u00eb ditur se ky \u00ebsht\u00eb hapi i par\u00eb i k\u00ebtij investimi q\u00eb do t\u00eb pasohet me nd\u00ebrtimin e n\u00ebnstacionit permanent si dhe shtimin e tre fiderave t\u00eb tjer\u00eb.<\/strong><\/p>\n<p>&nbsp;<\/p>\n<p><em>\u201cHapi i par\u00eb ka qen\u00eb gjith\u00eb shpron\u00ebsimi i 4 mij\u00eb metrave katror\u00eb p\u00ebr t\u00eb impostuar n\u00eb fillim n\u00ebnstacionin mobile q\u00eb ka filluar nga puna dhe p\u00ebr t\u2019i hapur rrug\u00eb investimit tjet\u00ebr q\u00eb do t\u00eb jet\u00eb n\u00ebnstacioni permanent 110\/20 ku futen n\u00eb pun\u00eb jo vet\u00ebm 5 fidrat aktual q\u00eb jan\u00eb lidhur me n\u00ebnstacionin e l\u00ebvizsh\u00ebm, por dhe tre fidera dhe m\u00eb von\u00eb dy fidra shtes\u00eb. Gjithashtu OST-ja \u00ebsht\u00eb p\u00ebrgjigjur me investimin tjet\u00ebr duke sjell\u00eb linj\u00ebn 110 pran\u00eb k\u00ebtij n\u00ebnstacioni. Kjo \u00ebsht\u00eb faza e par\u00eb q\u00eb do t\u00eb pasohet me fillimin e punimeve me n\u00ebnstacionin e ri ku ne jemi n\u00eb faz\u00ebn e projektimit dhe brenda vitit do t\u00eb filloj\u00eb nga puna\u201d,<\/em>\u00a0deklaroi \u00c7ela.<\/p>\n<p>&nbsp;<\/p>","protected":false},"excerpt":{"rendered":"<p>Me nj\u00eb investim prej 1 miliard\u00eb lek\u00ebsh t\u00eb Operatorit t\u00eb Shp\u00ebrndarjes s\u00eb Energjis\u00eb Elektrike, zona e Fush\u00eb-Kruj\u00ebs dhe fshatrat p\u00ebrreth, kan\u00eb nj\u00eb furnizim m\u00eb t\u00eb mir\u00eb me energji elektrike. Investimi p\u00ebrfshin ngritjen e n\u00ebnstacionit mobile, nd\u00ebrtimin e 5 fiderave 20 kv, nd\u00ebrtimin e 120 kabinave, vendosjen e 2500 shtyllave si dhe shtrimin e 130 kilometra [&hellip;]<\/p>\n","protected":false},"author":2013,"featured_media":67272,"comment_status":"open","ping_status":"closed","sticky":false,"template":"","format":"standard","meta":{"footnotes":""},"categories":[241,235],"tags":[],"class_list":{"0":"post-83702","1":"post","2":"type-post","3":"status-publish","4":"format-standard","5":"has-post-thumbnail","7":"category-aktualitet","8":"category-vendi"},"_links":{"self":[{"href":"https:\/\/zjarr.tv\/en\/wp-json\/wp\/v2\/posts\/83702","targetHints":{"allow":["GET"]}}],"collection":[{"href":"https:\/\/zjarr.tv\/en\/wp-json\/wp\/v2\/posts"}],"about":[{"href":"https:\/\/zjarr.tv\/en\/wp-json\/wp\/v2\/types\/post"}],"author":[{"embeddable":true,"href":"https:\/\/zjarr.tv\/en\/wp-json\/wp\/v2\/users\/2013"}],"replies":[{"embeddable":true,"href":"https:\/\/zjarr.tv\/en\/wp-json\/wp\/v2\/comments?post=83702"}],"version-history":[{"count":0,"href":"https:\/\/zjarr.tv\/en\/wp-json\/wp\/v2\/posts\/83702\/revisions"}],"wp:featuredmedia":[{"embeddable":true,"href":"https:\/\/zjarr.tv\/en\/wp-json\/wp\/v2\/media\/67272"}],"wp:attachment":[{"href":"https:\/\/zjarr.tv\/en\/wp-json\/wp\/v2\/media?parent=83702"}],"wp:term":[{"taxonomy":"category","embeddable":true,"href":"https:\/\/zjarr.tv\/en\/wp-json\/wp\/v2\/categories?post=83702"},{"taxonomy":"post_tag","embeddable":true,"href":"https:\/\/zjarr.tv\/en\/wp-json\/wp\/v2\/tags?post=83702"}],"curies":[{"name":"wp","href":"https:\/\/api.w.org\/{rel}","templated":true}]}}