{"id":83712,"date":"2019-05-12T16:59:03","date_gmt":"2019-05-12T14:59:03","guid":{"rendered":"https:\/\/zjarr.tv\/?p=83712"},"modified":"2019-05-12T16:59:03","modified_gmt":"2019-05-12T14:59:03","slug":"pendarovski-zyrtarisht-president-porosia-e-tij","status":"publish","type":"post","link":"https:\/\/zjarr.tv\/en\/pendarovski-zyrtarisht-president-porosia-e-tij\/","title":{"rendered":"Pendarovski zyrtarisht President, porosia e tij"},"content":{"rendered":"<p>Stevo Pendarovski \u00ebsht\u00eb betuar sot, n\u00eb nj\u00eb ceremoni zyrtare n\u00eb t\u00eb cil\u00ebn kan\u00eb qen\u00eb pjes\u00eb edhe shum\u00eb lid\u00ebr t\u00eb rajonit, p\u00ebrfshir\u00eb k\u00ebtu Presidentin Ilir Meta. Pas betimit, Pendarovski ka zhvilluar takime bilaterale me presidentin e Republik\u00ebs s\u00eb Bullgaris\u00eb, Rumen Radev, me presidentin e Republik\u00ebs s\u00eb Kosov\u00ebs, Hashim Tha\u00e7i, me presidentin e Republik\u00ebs s\u00eb Shqip\u00ebris\u00eb, Ilir Meta si dhe me presidentin e Republik\u00ebs s\u00eb Serbis\u00eb, Aleksandar Vu\u00e7i\u00e7.<\/p>\n<p>N\u00eb fjalimin e tij, Pendarovski \u00ebsht\u00eb shprehur se toleranca ndaj krimit dhe korrupsionit do t\u00eb jet\u00eb zero, nd\u00ebrsa do t\u2019u jap\u00eb mb\u00ebshtetje sektorit qytetar dhe mediave.<br \/>\n\u201cD\u00ebshiroj publikisht t\u00eb them dhe t\u00eb zotohem se do t\u00eb jem president i t\u00eb gjith\u00eb qytetar\u00ebve, edhe i atyre q\u00eb votuan p\u00ebr mua, edhe i atyre q\u00eb votuan p\u00ebr kund\u00ebrkandidat\u00ebt e mi, si edhe i atyre t\u00eb cil\u00ebt nuk dol\u00ebn n\u00eb votime. Pun\u00ebn e par\u00eb q\u00eb do ta b\u00ebj \u00ebsht\u00eb ta shtrij\u00eb dor\u00ebn e bashk\u00ebpunimit me opozit\u00ebn.<\/p>\n<p>Do t\u00eb jem president i t\u00eb gjith\u00eb qytetar\u00ebve. \u00cbsht\u00eb koha q\u00eb t\u2019i sh\u00ebrojm\u00eb plag\u00ebt e hapura prej t\u00eb kaluar\u00ebs ton\u00eb t\u00eb af\u00ebrt dhe realisht ta fillojm\u00eb pajtimin qytetar pasi nuk kemi nj\u00eb atdhe tjet\u00ebr rezerv\u00eb t\u00eb cilin mund ta quajm\u00eb sht\u00ebpia jon\u00eb. N\u00eb k\u00ebt\u00eb rrug\u00eb duhet t\u00eb angazhohem shum\u00eb, duke mbajtur llogari p\u00ebr rejtingun tim politik.\u201d- u shpreh Pendarovski.<\/p>\n<p>&nbsp;<\/p>","protected":false},"excerpt":{"rendered":"<p>Stevo Pendarovski \u00ebsht\u00eb betuar sot, n\u00eb nj\u00eb ceremoni zyrtare n\u00eb t\u00eb cil\u00ebn kan\u00eb qen\u00eb pjes\u00eb edhe shum\u00eb lid\u00ebr t\u00eb rajonit, p\u00ebrfshir\u00eb k\u00ebtu Presidentin Ilir Meta. Pas betimit, Pendarovski ka zhvilluar takime bilaterale me presidentin e Republik\u00ebs s\u00eb Bullgaris\u00eb, Rumen Radev, me presidentin e Republik\u00ebs s\u00eb Kosov\u00ebs, Hashim Tha\u00e7i, me presidentin e Republik\u00ebs s\u00eb Shqip\u00ebris\u00eb, Ilir [&hellip;]<\/p>\n","protected":false},"author":2013,"featured_media":83713,"comment_status":"open","ping_status":"closed","sticky":false,"template":"","format":"standard","meta":{"footnotes":""},"categories":[241,2],"tags":[],"class_list":{"0":"post-83712","1":"post","2":"type-post","3":"status-publish","4":"format-standard","5":"has-post-thumbnail","7":"category-aktualitet","8":"category-rajoni"},"_links":{"self":[{"href":"https:\/\/zjarr.tv\/en\/wp-json\/wp\/v2\/posts\/83712","targetHints":{"allow":["GET"]}}],"collection":[{"href":"https:\/\/zjarr.tv\/en\/wp-json\/wp\/v2\/posts"}],"about":[{"href":"https:\/\/zjarr.tv\/en\/wp-json\/wp\/v2\/types\/post"}],"author":[{"embeddable":true,"href":"https:\/\/zjarr.tv\/en\/wp-json\/wp\/v2\/users\/2013"}],"replies":[{"embeddable":true,"href":"https:\/\/zjarr.tv\/en\/wp-json\/wp\/v2\/comments?post=83712"}],"version-history":[{"count":0,"href":"https:\/\/zjarr.tv\/en\/wp-json\/wp\/v2\/posts\/83712\/revisions"}],"wp:featuredmedia":[{"embeddable":true,"href":"https:\/\/zjarr.tv\/en\/wp-json\/wp\/v2\/media\/83713"}],"wp:attachment":[{"href":"https:\/\/zjarr.tv\/en\/wp-json\/wp\/v2\/media?parent=83712"}],"wp:term":[{"taxonomy":"category","embeddable":true,"href":"https:\/\/zjarr.tv\/en\/wp-json\/wp\/v2\/categories?post=83712"},{"taxonomy":"post_tag","embeddable":true,"href":"https:\/\/zjarr.tv\/en\/wp-json\/wp\/v2\/tags?post=83712"}],"curies":[{"name":"wp","href":"https:\/\/api.w.org\/{rel}","templated":true}]}}