{"id":83720,"date":"2019-05-12T17:09:05","date_gmt":"2019-05-12T15:09:05","guid":{"rendered":"https:\/\/zjarr.tv\/?p=83720"},"modified":"2019-05-12T17:09:05","modified_gmt":"2019-05-12T15:09:05","slug":"sarande-mbytet-55-vjecari-policia-nis-kerkimet","status":"publish","type":"post","link":"https:\/\/zjarr.tv\/en\/sarande-mbytet-55-vjecari-policia-nis-kerkimet\/","title":{"rendered":"Sarand\u00eb\/ Mbytet 55 vje\u00e7ari, policia nis k\u00ebrkimet"},"content":{"rendered":"<p>Policia ka nisur k\u00ebrkimet n\u00eb zon\u00ebn e Kanalit t\u00eb Cuk\u00ebs, p\u00ebr kufom\u00ebn e 55-vje\u00e7arit Arben Shaqiri, banues rom n\u00eb fshatin Cuk\u00eb. Burime b\u00ebjn\u00eb me dije se dyshohet se 55 vje\u00e7ari \u00ebsht\u00eb vet\u00ebmbytur si shkak i problemeve familjare.<br \/>\nM\u00ebsohet, nd\u00ebr t\u00eb tjera se ai ka qen\u00eb arrestuar dhe d\u00ebnuar p\u00ebr ushtrim dhune ndaj bashk\u00ebshortes s\u00eb tij dhe veprime n\u00eb kund\u00ebrshtim me vendimin e gjykat\u00ebs. N\u00eb vitin 2005, Shaqirit i kan\u00eb p\u00ebrdhunuar e m\u00eb pas vrar\u00eb nj\u00eb djal\u00eb 6 vje\u00e7.<br \/>\nDyshohet se autori ishte nj\u00eb vras\u00ebs serial manjak, i quajtur Klodjan Saliaj, i cili m\u00eb her\u00ebt kishte vrar\u00eb edhe nj\u00eb tjet\u00ebr 65-vje\u00e7ar rom.<\/p>","protected":false},"excerpt":{"rendered":"<p>Policia ka nisur k\u00ebrkimet n\u00eb zon\u00ebn e Kanalit t\u00eb Cuk\u00ebs, p\u00ebr kufom\u00ebn e 55-vje\u00e7arit Arben Shaqiri, banues rom n\u00eb fshatin Cuk\u00eb. Burime b\u00ebjn\u00eb me dije se dyshohet se 55 vje\u00e7ari \u00ebsht\u00eb vet\u00ebmbytur si shkak i problemeve familjare. M\u00ebsohet, nd\u00ebr t\u00eb tjera se ai ka qen\u00eb arrestuar dhe d\u00ebnuar p\u00ebr ushtrim dhune ndaj bashk\u00ebshortes s\u00eb tij [&hellip;]<\/p>\n","protected":false},"author":2013,"featured_media":53507,"comment_status":"open","ping_status":"closed","sticky":false,"template":"","format":"standard","meta":{"footnotes":""},"categories":[241],"tags":[],"class_list":{"0":"post-83720","1":"post","2":"type-post","3":"status-publish","4":"format-standard","5":"has-post-thumbnail","7":"category-aktualitet"},"_links":{"self":[{"href":"https:\/\/zjarr.tv\/en\/wp-json\/wp\/v2\/posts\/83720","targetHints":{"allow":["GET"]}}],"collection":[{"href":"https:\/\/zjarr.tv\/en\/wp-json\/wp\/v2\/posts"}],"about":[{"href":"https:\/\/zjarr.tv\/en\/wp-json\/wp\/v2\/types\/post"}],"author":[{"embeddable":true,"href":"https:\/\/zjarr.tv\/en\/wp-json\/wp\/v2\/users\/2013"}],"replies":[{"embeddable":true,"href":"https:\/\/zjarr.tv\/en\/wp-json\/wp\/v2\/comments?post=83720"}],"version-history":[{"count":0,"href":"https:\/\/zjarr.tv\/en\/wp-json\/wp\/v2\/posts\/83720\/revisions"}],"wp:featuredmedia":[{"embeddable":true,"href":"https:\/\/zjarr.tv\/en\/wp-json\/wp\/v2\/media\/53507"}],"wp:attachment":[{"href":"https:\/\/zjarr.tv\/en\/wp-json\/wp\/v2\/media?parent=83720"}],"wp:term":[{"taxonomy":"category","embeddable":true,"href":"https:\/\/zjarr.tv\/en\/wp-json\/wp\/v2\/categories?post=83720"},{"taxonomy":"post_tag","embeddable":true,"href":"https:\/\/zjarr.tv\/en\/wp-json\/wp\/v2\/tags?post=83720"}],"curies":[{"name":"wp","href":"https:\/\/api.w.org\/{rel}","templated":true}]}}