{"id":83726,"date":"2019-05-12T17:19:16","date_gmt":"2019-05-12T15:19:16","guid":{"rendered":"https:\/\/zjarr.tv\/?p=83726"},"modified":"2019-05-12T17:19:16","modified_gmt":"2019-05-12T15:19:16","slug":"gose-proteste-e-banoreve-te-fshatit-per-mungesen-e-rruges","status":"publish","type":"post","link":"https:\/\/zjarr.tv\/en\/gose-proteste-e-banoreve-te-fshatit-per-mungesen-e-rruges\/","title":{"rendered":"Gos\u00eb, protest\u00eb e banor\u00ebve t\u00eb fshatit p\u00ebr munges\u00ebn e rrug\u00ebs"},"content":{"rendered":"<p>Banor\u00ebt e fshatit Gos\u00eb, t\u00eb Bashkis\u00eb s\u00eb Rrogozhin\u00ebs, kan\u00eb dal\u00eb sot n\u00eb protest\u00eb, si e vetmja zgjidhje p\u00ebr munges\u00ebn e rrug\u00ebs. Nd\u00ebrtimi i autostrad\u00ebs i ka izoluar ata thuajse t\u00ebr\u00ebsisht, nd\u00ebrkoh\u00eb q\u00eb, pavar\u00ebsisht k\u00ebrkesave t\u00eb tyre, Bashkia e Rrogozhin\u00ebs nuk ka nd\u00ebrmarr\u00eb asnj\u00eb nd\u00ebrhyrje p\u00ebr nd\u00ebrtimin e nj\u00eb rruge dyt\u00ebsore apo mbikalimi ose n\u00ebnkalimi.<\/p>\n<p>N\u00eb mb\u00ebshtetje t\u00eb banor\u00ebve ka dal\u00eb edhe Partia Demokratike, ku kreu i deg\u00ebs s\u00eb k\u00ebsaj force politike n\u00eb Rrogozhin\u00eb, Ferdinand Sara\u00e7i, ka theksuar se protesta mbetet e vetmja alternativ\u00eb q\u00eb njer\u00ebzit kan\u00eb.<\/p>\n<p>&nbsp;<\/p>","protected":false},"excerpt":{"rendered":"<p>Banor\u00ebt e fshatit Gos\u00eb, t\u00eb Bashkis\u00eb s\u00eb Rrogozhin\u00ebs, kan\u00eb dal\u00eb sot n\u00eb protest\u00eb, si e vetmja zgjidhje p\u00ebr munges\u00ebn e rrug\u00ebs. Nd\u00ebrtimi i autostrad\u00ebs i ka izoluar ata thuajse t\u00ebr\u00ebsisht, nd\u00ebrkoh\u00eb q\u00eb, pavar\u00ebsisht k\u00ebrkesave t\u00eb tyre, Bashkia e Rrogozhin\u00ebs nuk ka nd\u00ebrmarr\u00eb asnj\u00eb nd\u00ebrhyrje p\u00ebr nd\u00ebrtimin e nj\u00eb rruge dyt\u00ebsore apo mbikalimi ose n\u00ebnkalimi. N\u00eb [&hellip;]<\/p>\n","protected":false},"author":2013,"featured_media":83727,"comment_status":"open","ping_status":"closed","sticky":false,"template":"","format":"standard","meta":{"footnotes":""},"categories":[241,235],"tags":[],"class_list":{"0":"post-83726","1":"post","2":"type-post","3":"status-publish","4":"format-standard","5":"has-post-thumbnail","7":"category-aktualitet","8":"category-vendi"},"_links":{"self":[{"href":"https:\/\/zjarr.tv\/en\/wp-json\/wp\/v2\/posts\/83726","targetHints":{"allow":["GET"]}}],"collection":[{"href":"https:\/\/zjarr.tv\/en\/wp-json\/wp\/v2\/posts"}],"about":[{"href":"https:\/\/zjarr.tv\/en\/wp-json\/wp\/v2\/types\/post"}],"author":[{"embeddable":true,"href":"https:\/\/zjarr.tv\/en\/wp-json\/wp\/v2\/users\/2013"}],"replies":[{"embeddable":true,"href":"https:\/\/zjarr.tv\/en\/wp-json\/wp\/v2\/comments?post=83726"}],"version-history":[{"count":0,"href":"https:\/\/zjarr.tv\/en\/wp-json\/wp\/v2\/posts\/83726\/revisions"}],"wp:featuredmedia":[{"embeddable":true,"href":"https:\/\/zjarr.tv\/en\/wp-json\/wp\/v2\/media\/83727"}],"wp:attachment":[{"href":"https:\/\/zjarr.tv\/en\/wp-json\/wp\/v2\/media?parent=83726"}],"wp:term":[{"taxonomy":"category","embeddable":true,"href":"https:\/\/zjarr.tv\/en\/wp-json\/wp\/v2\/categories?post=83726"},{"taxonomy":"post_tag","embeddable":true,"href":"https:\/\/zjarr.tv\/en\/wp-json\/wp\/v2\/tags?post=83726"}],"curies":[{"name":"wp","href":"https:\/\/api.w.org\/{rel}","templated":true}]}}