{"id":83746,"date":"2019-05-13T14:50:25","date_gmt":"2019-05-13T12:50:25","guid":{"rendered":"https:\/\/zjarr.tv\/?p=83746"},"modified":"2019-05-13T14:50:25","modified_gmt":"2019-05-13T12:50:25","slug":"shqiperi-ceki-njesi-te-perbashketa-hetimore-per-trafikun-e-qenieve-njerezore","status":"publish","type":"post","link":"https:\/\/zjarr.tv\/en\/shqiperi-ceki-njesi-te-perbashketa-hetimore-per-trafikun-e-qenieve-njerezore\/","title":{"rendered":"Shqip\u00ebri-\u00c7eki, nj\u00ebsi t\u00eb p\u00ebrbashk\u00ebta hetimore p\u00ebr trafikun e q\u00ebnieve njer\u00ebzore"},"content":{"rendered":"<p>Policia shqiptare dhe ajo \u00e7eke do t\u00eb ngrejn\u00eb nj\u00ebsi t\u00eb p\u00ebrbashk\u00ebta hetimore n\u00eb drejtim t\u00eb hetimit t\u00eb kontrabandimit t\u00eb qenieve njer\u00ebzore.<\/p>\n<p>Dakord\u00ebsia u arriti gjat\u00eb nj\u00eb vizite q\u00eb Drejtori i P\u00ebrgjithsh\u00ebm i Policis\u00eb Ardi Veliu zhvilloi n\u00eb \u00c7eki.<\/p>\n<p>S\u00eb bashku me homologun \u00e7ek ata u dakord\u00ebsuan edhe p\u00ebr zhvillimin e operacioneve t\u00eb p\u00ebrbashk\u00ebta n\u00eb kufi n\u00eb bashk\u00ebpunim me Frontex, p\u00ebr mb\u00ebshtetje logjistike nga Policia \u00c7eke, si dhe sjelljen e punonj\u00ebsve t\u00eb Policis\u00eb \u00c7eke gjat\u00eb sezonit turistik.<\/p>\n<p>Gjat\u00eb takimit, Presidenti i Policis\u00eb \u00c7eke i vler\u00ebsoi marr\u00ebdh\u00ebniet dypal\u00ebshe si mjaft t\u00eb mira dhe theksoi domosdoshm\u00ebrin\u00eb e forcimt t\u00eb k\u00ebtij bashk\u00ebpunimi n\u00eb t\u00eb gjitha fushat.<\/p>\n<p><strong>Jan \u0160vejdar:<\/strong><em>\u00a0Vler\u00ebsoj progresin e b\u00ebr\u00eb nga Policia e Shtetit Shqiptar vitet e fundit n\u00eb luft\u00ebn ndaj krimit t\u00eb organizuar dhe terrorizmit, si dhe n\u00eb operacionet e p\u00ebrbashk\u00ebta me partner\u00ebt nd\u00ebrkomb\u00ebtar\u00eb dhe agjencit\u00eb ligjzbatuese Interpol, Europol, Frontex etj. Policia \u00c7eke ju mb\u00ebshtet dhe \u00ebsht\u00eb e gatshme p\u00ebr t\u00eb shtrir\u00eb bashk\u00ebpunimin n\u00eb t\u00eb gjitha fushat.<\/em><\/p>\n<p>Nga ana tjet\u00ebr, Veliu ka fal\u00ebnderuar Presidentin e Policis\u00eb \u00c7eke p\u00ebr mb\u00ebshtetjen e dh\u00ebn\u00eb, si dhe ka vler\u00ebsuar rolin e oficerit t\u00eb kontaktit t\u00eb Policis\u00eb \u00c7eke n\u00eb Shqip\u00ebri Adriatik Shino, p\u00ebr shk\u00ebmbimin n\u00eb koh\u00eb reale t\u00eb informacioneve si dhe n\u00eb krijimin e urave t\u00eb bashk\u00ebpunimit mes dy policive.<\/p>\n<p><strong>Veliu:\u00a0<\/strong><em>Bashk\u00ebpunimi me partner\u00ebt dhe agjencit\u00eb ligjzbatuese \u00ebsht\u00eb nj\u00eb nd\u00ebr prioritetet kryesore t\u00eb Policis\u00eb s\u00eb Shtetit dhe un\u00eb mbetem i vendosur q\u00eb ky bashk\u00ebpunim t\u00eb forcohet dhe thellohet n\u00eb t\u00eb gjitha fushat, pasi krimi nuk ka ngjyr\u00eb, kufi e politik\u00eb, por ka vet\u00ebm nj\u00eb mision, t\u00eb vras\u00eb shpres\u00ebn, ligjin dhe t\u00eb ardhmen, ndaj misioni i t\u00eb gjitha Policive n\u00eb bot\u00eb \u00ebsht\u00eb nj\u00eb, lufta pa kompromis ndaj krimit.<\/em><\/p>\n<p>Gjat\u00eb takimit ishte i pranish\u00ebm ambasadori i Shqip\u00ebris\u00eb n\u00eb \u00c7eki, Ilirian Kuka, i cili ka vler\u00ebsuar bashk\u00ebpunimin mes dy policive, duke theksuar se ky bashk\u00ebpunim i sh\u00ebrben rritjes s\u00eb siguris\u00eb dhe zhvillimit t\u00eb turzimit, sepse Shqip\u00ebria \u00ebsht\u00eb nj\u00eb vend turistik i preferuar nga turist\u00ebt \u00e7ek\u00eb, qoft\u00eb p\u00ebr turizmin malor ashtu edhe p\u00ebr at\u00eb bregdetar dhe numri i ketyre t\u00eb fundit nga viti n\u00eb vit ka ardhur n\u00eb rritje.<\/p>\n<p>&nbsp;<\/p>","protected":false},"excerpt":{"rendered":"<p>Policia shqiptare dhe ajo \u00e7eke do t\u00eb ngrejn\u00eb nj\u00ebsi t\u00eb p\u00ebrbashk\u00ebta hetimore n\u00eb drejtim t\u00eb hetimit t\u00eb kontrabandimit t\u00eb qenieve njer\u00ebzore. Dakord\u00ebsia u arriti gjat\u00eb nj\u00eb vizite q\u00eb Drejtori i P\u00ebrgjithsh\u00ebm i Policis\u00eb Ardi Veliu zhvilloi n\u00eb \u00c7eki. S\u00eb bashku me homologun \u00e7ek ata u dakord\u00ebsuan edhe p\u00ebr zhvillimin e operacioneve t\u00eb p\u00ebrbashk\u00ebta n\u00eb kufi [&hellip;]<\/p>\n","protected":false},"author":2013,"featured_media":83747,"comment_status":"open","ping_status":"closed","sticky":false,"template":"","format":"standard","meta":{"footnotes":""},"categories":[241,235],"tags":[],"class_list":{"0":"post-83746","1":"post","2":"type-post","3":"status-publish","4":"format-standard","5":"has-post-thumbnail","7":"category-aktualitet","8":"category-vendi"},"_links":{"self":[{"href":"https:\/\/zjarr.tv\/en\/wp-json\/wp\/v2\/posts\/83746","targetHints":{"allow":["GET"]}}],"collection":[{"href":"https:\/\/zjarr.tv\/en\/wp-json\/wp\/v2\/posts"}],"about":[{"href":"https:\/\/zjarr.tv\/en\/wp-json\/wp\/v2\/types\/post"}],"author":[{"embeddable":true,"href":"https:\/\/zjarr.tv\/en\/wp-json\/wp\/v2\/users\/2013"}],"replies":[{"embeddable":true,"href":"https:\/\/zjarr.tv\/en\/wp-json\/wp\/v2\/comments?post=83746"}],"version-history":[{"count":0,"href":"https:\/\/zjarr.tv\/en\/wp-json\/wp\/v2\/posts\/83746\/revisions"}],"wp:featuredmedia":[{"embeddable":true,"href":"https:\/\/zjarr.tv\/en\/wp-json\/wp\/v2\/media\/83747"}],"wp:attachment":[{"href":"https:\/\/zjarr.tv\/en\/wp-json\/wp\/v2\/media?parent=83746"}],"wp:term":[{"taxonomy":"category","embeddable":true,"href":"https:\/\/zjarr.tv\/en\/wp-json\/wp\/v2\/categories?post=83746"},{"taxonomy":"post_tag","embeddable":true,"href":"https:\/\/zjarr.tv\/en\/wp-json\/wp\/v2\/tags?post=83746"}],"curies":[{"name":"wp","href":"https:\/\/api.w.org\/{rel}","templated":true}]}}