{"id":83763,"date":"2019-05-13T15:26:54","date_gmt":"2019-05-13T13:26:54","guid":{"rendered":"https:\/\/zjarr.tv\/?p=83763"},"modified":"2019-05-13T15:26:54","modified_gmt":"2019-05-13T13:26:54","slug":"babalja-salianji-do-kallezoj-drejtuesit-e-policise-se-shtetit","status":"publish","type":"post","link":"https:\/\/zjarr.tv\/en\/babalja-salianji-do-kallezoj-drejtuesit-e-policise-se-shtetit\/","title":{"rendered":"\u201cBabalja\u201d, Salianji: Do kall\u00ebzoj drejtuesit e Policis\u00eb s\u00eb Shtetit"},"content":{"rendered":"<p>Ish-deputeti Ervin Salianji\u00a0 n\u00eb nj\u00eb prononcim p\u00ebr gazetar\u00ebt n\u00eb Gjykat\u00ebn Penale para seanc\u00ebs gjyq\u00ebsore t\u00eb \u00e7\u00ebshtjes \u201cBabalja\u201d, tha se do t\u00eb kall\u00ebzoj\u00eb penalisht drejtuesit e Policis\u00eb s\u00eb Shtetit.<\/p>\n<p>\u201cAt\u00ebhere sot si\u00e7 e dini \u00ebsht\u00eb seanca e par\u00eb gjyq\u00ebsoore p\u00ebr c\u00ebshtjen Xhafa si\u00e7 quhet Babalja. Jam sot k\u00ebtu n\u00eb respekt t\u00eb juve. Qytetar\u00ebt jan\u00eb lodhur nga nj\u00eb drejt\u00ebsi q\u00eb nuk b\u00ebn drejt\u00ebsi por b\u00ebn padrejt\u00ebsi dhe \u00ebsht\u00eb varrmirr\u00ebse e \u00e7\u00ebshtjeve m\u00eb t\u00eb r\u00ebnda. Padiskutim, ashtu si\u00e7 Rama ka disa njer\u00ebz q\u00eb i paguajn\u00eb p\u00ebr \u00e7\u00ebshtje. Do b\u00ebj kall\u00ebzim p\u00ebr drejtuesit e policis\u00eb, t\u00eb gjitha atyreve q\u00eb jan\u00eb t\u00eb p\u00ebrfshir\u00eb n\u00eb k\u00ebt\u00eb \u00e7\u00ebshtje. Qytetar\u00ebt k\u00ebrkojn\u00eb pun\u00ebsim dhe p\u00ebrballen me agresion. Sot n\u00eb or\u00ebn 6 e gjysm\u00eb i b\u00ebj thirrje qytetar\u00ebve q\u00eb t\u00eb bashkohen me ne dhe t\u00eb ndryshojn\u00eb sistemin.\u00a0Do t\u00eb denoncoj drejtuesit e policis\u00eb, duan ta zhvendosin v\u00ebmendjen nga situata aktuale.\u00cbsht\u00eb thjesht propagand\u00eb, se ka precedent q\u00eb gjyqtarja t\u00eb jet\u00eb t\u00ebrhequr n\u00eb nj\u00eb \u00e7\u00ebshtje tjet\u00ebr ku jam un\u00eb i kall\u00ebzuar. \u201c-tha ai.<\/p>\n<p>Ish-deputeti demokrat tha se nuk ka frik\u00eb nga kryeministri Edi Rama dhe nga askush tjet\u00ebr. Sipas tij, shefi i qeveris\u00eb \u00ebsht\u00eb nj\u00eb dordolec politik, q\u00eb nuk tremb\u00eb dot as sorrat dhe aq m\u00eb pak qytetar\u00ebt.<\/p>\n<p>\u201cSituata \u00ebsht\u00eb se nuk ka asnj\u00eb t\u00eb arrestuar nga p\u00ebrgjimet, por ka nj\u00eb akuz\u00eb qesharake p\u00ebr mua dhe Jetmir Olldashin. Un\u00eb nuk kam frik\u00eb nga Rama.\u00a0Edi Rama \u00ebsht\u00eb nj\u00eb dordolec politik, q\u00eb nuk tremb\u00eb sot m\u00eb as sorrat dhe jo m\u00eb qytetar\u00ebt. Frika nuk hyn tek ndjesit\u00eb e mia. Frika m\u00eb e madhe e ime \u00ebsht\u00eb q\u00eb t\u00eb kem frik\u00eb. Nuk kam frik\u00eb dhe nuk ka asnj\u00eb prov\u00eb, q\u00eb t\u00eb m\u00eb implikoj, sepse kjo \u00ebsht\u00eb nj\u00eb \u00e7\u00ebshtje \u00a0e leht\u00eb nuk \u00ebsht\u00eb krim, por thjesht denoncim. Sot protestojm\u00eb s\u00eb bashku me qytetar\u00ebt n\u00eb or\u00ebn 18:30\u201d-shtoi ai.<\/p>","protected":false},"excerpt":{"rendered":"<p>Ish-deputeti Ervin Salianji\u00a0 n\u00eb nj\u00eb prononcim p\u00ebr gazetar\u00ebt n\u00eb Gjykat\u00ebn Penale para seanc\u00ebs gjyq\u00ebsore t\u00eb \u00e7\u00ebshtjes \u201cBabalja\u201d, tha se do t\u00eb kall\u00ebzoj\u00eb penalisht drejtuesit e Policis\u00eb s\u00eb Shtetit. \u201cAt\u00ebhere sot si\u00e7 e dini \u00ebsht\u00eb seanca e par\u00eb gjyq\u00ebsoore p\u00ebr c\u00ebshtjen Xhafa si\u00e7 quhet Babalja. Jam sot k\u00ebtu n\u00eb respekt t\u00eb juve. Qytetar\u00ebt jan\u00eb lodhur nga [&hellip;]<\/p>\n","protected":false},"author":2013,"featured_media":0,"comment_status":"open","ping_status":"closed","sticky":false,"template":"","format":"standard","meta":{"footnotes":""},"categories":[241,235],"tags":[],"class_list":{"0":"post-83763","1":"post","2":"type-post","3":"status-publish","4":"format-standard","6":"category-aktualitet","7":"category-vendi"},"_links":{"self":[{"href":"https:\/\/zjarr.tv\/en\/wp-json\/wp\/v2\/posts\/83763","targetHints":{"allow":["GET"]}}],"collection":[{"href":"https:\/\/zjarr.tv\/en\/wp-json\/wp\/v2\/posts"}],"about":[{"href":"https:\/\/zjarr.tv\/en\/wp-json\/wp\/v2\/types\/post"}],"author":[{"embeddable":true,"href":"https:\/\/zjarr.tv\/en\/wp-json\/wp\/v2\/users\/2013"}],"replies":[{"embeddable":true,"href":"https:\/\/zjarr.tv\/en\/wp-json\/wp\/v2\/comments?post=83763"}],"version-history":[{"count":0,"href":"https:\/\/zjarr.tv\/en\/wp-json\/wp\/v2\/posts\/83763\/revisions"}],"wp:attachment":[{"href":"https:\/\/zjarr.tv\/en\/wp-json\/wp\/v2\/media?parent=83763"}],"wp:term":[{"taxonomy":"category","embeddable":true,"href":"https:\/\/zjarr.tv\/en\/wp-json\/wp\/v2\/categories?post=83763"},{"taxonomy":"post_tag","embeddable":true,"href":"https:\/\/zjarr.tv\/en\/wp-json\/wp\/v2\/tags?post=83763"}],"curies":[{"name":"wp","href":"https:\/\/api.w.org\/{rel}","templated":true}]}}