{"id":83767,"date":"2019-05-13T15:35:35","date_gmt":"2019-05-13T13:35:35","guid":{"rendered":"https:\/\/zjarr.tv\/?p=83767"},"modified":"2019-05-13T15:35:35","modified_gmt":"2019-05-13T13:35:35","slug":"kuvendi-i-kerkon-ildkpki-transparence","status":"publish","type":"post","link":"https:\/\/zjarr.tv\/en\/kuvendi-i-kerkon-ildkpki-transparence\/","title":{"rendered":"Kuvendi i k\u00ebrkon ILDKPKI transparenc\u00eb"},"content":{"rendered":"<p><em>Kuvendi i ka k\u00ebrkuar ILDKPKI-s\u00eb q\u00eb t\u00eb b\u00ebj\u00eb m\u00eb shum\u00eb transparenc\u00eb n\u00eb lidhje me shifrat e zyrtar\u00ebve q\u00eb kan\u00eb abuzuar me deklarimin e pasurive. Me an\u00eb t\u00eb nj\u00eb projektrezolute, komisioni i ligjeve k\u00ebrkoi m\u00eb shum\u00eb shifra dhe m\u00eb shum\u00eb hetim. Relatori Bashkim Fino k\u00ebrkoi q\u00eb ILDKPKI t\u00eb sjell\u00eb ndryshimet p\u00ebr ligjin e sinjalizuesve i cili nuk ka funksionuar<\/em><\/p>\n<p>Parlamenti i ka k\u00ebrkuar Inspektoriatit t\u00eb Lart\u00eb t\u00eb Deklarimit t\u00eb Pasurive q\u00eb t\u00eb b\u00ebjn\u00eb transparenc\u00eb n\u00eb lidhje me zyrtar\u00ebt q\u00eb kan\u00eb rezultuar me abuzime p\u00ebrsa i p\u00ebrket deklarimit t\u00eb pasurive.<\/p>\n<p>N\u00eb projektrezolut\u00ebn q\u00eb u miratua n\u00eb Komisionin e Ligjeve theksohet nd\u00ebr t\u00eb tjera se ky institucion duhet t\u00eb forcoj\u00eb rastet e hetimit dhe t\u00eb ket\u00eb n\u00ebn v\u00ebmendje pro\u00e7esin e vettingut.<\/p>\n<p>Pas konstatimit se ligji p\u00ebr sinjalizuesit ose si\u00e7 njihet p\u00ebr spiunimet nuk ka funksionuar, n\u00eb em\u00ebr t\u00eb komisionit relatori Bashkim Fino k\u00ebrkoi q\u00eb ILDKPKI t\u00eb sjell\u00eb ndryshimet e duhura.<\/p>\n<p>ILDKPKI raportoi n\u00eb Komisionin e Ligjeve n\u00eb mbledhjen e kaluar nd\u00ebrsa raporti se 112 zyrtar\u00eb nuk kan\u00eb deklaruar pasurin\u00eb sipas k\u00ebrkesave n\u00eb ligj nd\u00ebrsa kan\u00eb b\u00ebr\u00eb 53 kall\u00ebzime penale.<\/p>\n<p>&nbsp;<\/p>","protected":false},"excerpt":{"rendered":"<p>Kuvendi i ka k\u00ebrkuar ILDKPKI-s\u00eb q\u00eb t\u00eb b\u00ebj\u00eb m\u00eb shum\u00eb transparenc\u00eb n\u00eb lidhje me shifrat e zyrtar\u00ebve q\u00eb kan\u00eb abuzuar me deklarimin e pasurive. Me an\u00eb t\u00eb nj\u00eb projektrezolute, komisioni i ligjeve k\u00ebrkoi m\u00eb shum\u00eb shifra dhe m\u00eb shum\u00eb hetim. Relatori Bashkim Fino k\u00ebrkoi q\u00eb ILDKPKI t\u00eb sjell\u00eb ndryshimet p\u00ebr ligjin e sinjalizuesve i cili [&hellip;]<\/p>\n","protected":false},"author":2013,"featured_media":83768,"comment_status":"open","ping_status":"closed","sticky":false,"template":"","format":"standard","meta":{"footnotes":""},"categories":[241],"tags":[],"class_list":{"0":"post-83767","1":"post","2":"type-post","3":"status-publish","4":"format-standard","5":"has-post-thumbnail","7":"category-aktualitet"},"_links":{"self":[{"href":"https:\/\/zjarr.tv\/en\/wp-json\/wp\/v2\/posts\/83767","targetHints":{"allow":["GET"]}}],"collection":[{"href":"https:\/\/zjarr.tv\/en\/wp-json\/wp\/v2\/posts"}],"about":[{"href":"https:\/\/zjarr.tv\/en\/wp-json\/wp\/v2\/types\/post"}],"author":[{"embeddable":true,"href":"https:\/\/zjarr.tv\/en\/wp-json\/wp\/v2\/users\/2013"}],"replies":[{"embeddable":true,"href":"https:\/\/zjarr.tv\/en\/wp-json\/wp\/v2\/comments?post=83767"}],"version-history":[{"count":0,"href":"https:\/\/zjarr.tv\/en\/wp-json\/wp\/v2\/posts\/83767\/revisions"}],"wp:featuredmedia":[{"embeddable":true,"href":"https:\/\/zjarr.tv\/en\/wp-json\/wp\/v2\/media\/83768"}],"wp:attachment":[{"href":"https:\/\/zjarr.tv\/en\/wp-json\/wp\/v2\/media?parent=83767"}],"wp:term":[{"taxonomy":"category","embeddable":true,"href":"https:\/\/zjarr.tv\/en\/wp-json\/wp\/v2\/categories?post=83767"},{"taxonomy":"post_tag","embeddable":true,"href":"https:\/\/zjarr.tv\/en\/wp-json\/wp\/v2\/tags?post=83767"}],"curies":[{"name":"wp","href":"https:\/\/api.w.org\/{rel}","templated":true}]}}