{"id":83776,"date":"2019-05-13T16:15:16","date_gmt":"2019-05-13T14:15:16","guid":{"rendered":"https:\/\/zjarr.tv\/?p=83776"},"modified":"2019-05-13T16:15:16","modified_gmt":"2019-05-13T14:15:16","slug":"rama-per-televizionin-serb-nuk-dua-kufij-per-ballkanin","status":"publish","type":"post","link":"https:\/\/zjarr.tv\/en\/rama-per-televizionin-serb-nuk-dua-kufij-per-ballkanin\/","title":{"rendered":"Rama p\u00ebr televizionin serb: Nuk dua kufij p\u00ebr Ballkanin"},"content":{"rendered":"<p><em>P\u00ebr kryeministrin Edi Rama, shqiptar\u00ebt n\u00eb Shqip\u00ebri dhe Kosov\u00eb jan\u00eb v\u00ebllez\u00ebr q\u00eb tani jetojn\u00eb n\u00eb dy vende t\u00eb ndryshme dhe q\u00eb duhet t\u00eb bashkohen. Idet\u00eb e tij p\u00ebr kufijt\u00eb n\u00eb Ballkan, rrug\u00ebtimin drejt Bashkimit Europian dhe dialogun Kosov\u00eb-Serbi ai i b\u00ebri t\u00eb njohura n\u00eb nj\u00eb intervist\u00eb p\u00ebr televizionin serb.<\/em><\/p>\n<p>Kryeministri Edi Rama ka sqaruar iden\u00eb e tij se pse duhet realizuar bashkimi i Shqip\u00ebris\u00eb me Kosov\u00ebn.<\/p>\n<p>N\u00eb nj\u00eb intervist\u00eb p\u00ebr televizionin serb, &#8220;Pink&#8221;, kreu i ekzekutivit i ka cil\u00ebsuar dy popujt si t\u00eb ngjash\u00ebm q\u00eb jetojn\u00eb n\u00eb territore t\u00eb ndryshme.<\/p>\n<p>Ai u shpreh t\u00eb diel\u00ebn se kjo nuk n\u00ebnkupton medoemos p\u00ebrmbushjen e &#8220;Shqip\u00ebris\u00eb s\u00eb Madhe&#8221;, porse t\u00eb pakufizuar t\u00eb gjith\u00eb popujt e rajonit mund t\u00eb arrijn\u00eb m\u00eb shum\u00eb.<\/p>\n<p><strong>Rama:\u00a0<\/strong><em>&#8220;Nuk duam kufij me Kosov\u00ebn, Malin e Zi, Maqedonin\u00eb apo Serbin\u00eb. Duhet t\u00eb krijojm\u00eb nj\u00eb hap\u00ebsir\u00eb ndryshe ku t\u00eb jetohet nj\u00ebsoj si n\u00eb Bashkimin Europian, pa kufij, p\u00ebr t\u00eb forcuar raportet tregtare, kulturore dhe gjith\u00e7ka tjet\u00ebr.&#8221;<\/em><\/p>\n<p>Sipas Ram\u00ebs, Serbia duhet t\u00eb p\u00ebrballet me realitetin dhe t\u00eb pranoj\u00eb se Kosova \u00ebsht\u00eb shtet i pavarur dhe i lir\u00eb.<\/p>\n<p>Ai tha se shqiptar\u00ebt dhe serb\u00ebt mund t\u00eb b\u00ebjn\u00eb p\u00ebr Ballkanin at\u00eb \u00e7far\u00eb Franca dhe Gjermania b\u00ebn\u00eb p\u00ebr Europ\u00ebn.<\/p>\n<p><strong>Rama:<\/strong><em>\u00a0&#8220;Nevoja p\u00ebr pajtim \u00ebsht\u00eb e pashmangshme, dhe sa m\u00eb shum\u00eb Serbia ta vazhdoj\u00eb \u00ebndrr\u00ebn e vet q\u00eb kjo nuk ka p\u00ebr t\u00eb ndodhur ose do ta parandaloj\u00eb, aq m\u00eb e dhimbshme do t\u00eb jet\u00eb p\u00ebr t\u00eb gjith\u00eb.&#8221;<\/em><\/p>\n<p>Kryeqeveritari shqiptar u pyet dhe p\u00ebr taks\u00ebn q\u00eb Prishtina po aplikon ndaj Beogradit.<\/p>\n<p>Ai e konsideroi at\u00eb nj\u00eb &#8220;klithm\u00eb politike&#8221; e cila duhet pezulluar p\u00ebrkoh\u00ebsisht p\u00ebr interes t\u00eb dialogut, por s\u00ebrish kund\u00ebrshtoi akuzat e homologut t\u00eb tij n\u00eb Kosov\u00eb, Ramush Haradinaj, se ka pasur presion.<\/p>\n<p><strong>Rama:<\/strong><em>&#8220;Edhe gjat\u00eb samitit t\u00eb Berlinit, un\u00eb, kancelarja Merkel dhe presidenti i Franc\u00ebs, nuk kemi b\u00ebr\u00eb presion q\u00eb t\u00eb hiqet taksa, por q\u00eb ajo t\u00eb pezullohet p\u00ebr t\u00eb mund\u00ebsuar nj\u00eb kapitull t\u00eb ri bisedimesh.&#8221;<\/em><\/p>\n<p>Kryeministri Rama tha se samitet dhe takimet e fundit megjith\u00ebse pa ndonj\u00eb zgjidhje konkrete, kan\u00eb hapur perspektiva t\u00eb reja p\u00ebr dy fqinj\u00ebt ballkanik\u00eb.<\/p>\n<p>Ai u shpreh optimist q\u00eb dialogu mes pal\u00ebve do t\u00eb avancoj\u00eb m\u00eb tep\u00ebr pas takimit t\u00eb nd\u00ebrmjet\u00ebsuar n\u00eb Franc\u00eb n\u00eb muajin korrik.<\/p>\n<p>&nbsp;<\/p>","protected":false},"excerpt":{"rendered":"<p>P\u00ebr kryeministrin Edi Rama, shqiptar\u00ebt n\u00eb Shqip\u00ebri dhe Kosov\u00eb jan\u00eb v\u00ebllez\u00ebr q\u00eb tani jetojn\u00eb n\u00eb dy vende t\u00eb ndryshme dhe q\u00eb duhet t\u00eb bashkohen. Idet\u00eb e tij p\u00ebr kufijt\u00eb n\u00eb Ballkan, rrug\u00ebtimin drejt Bashkimit Europian dhe dialogun Kosov\u00eb-Serbi ai i b\u00ebri t\u00eb njohura n\u00eb nj\u00eb intervist\u00eb p\u00ebr televizionin serb. Kryeministri Edi Rama ka sqaruar iden\u00eb [&hellip;]<\/p>\n","protected":false},"author":2013,"featured_media":77040,"comment_status":"open","ping_status":"closed","sticky":false,"template":"","format":"standard","meta":{"footnotes":""},"categories":[241,2],"tags":[],"class_list":{"0":"post-83776","1":"post","2":"type-post","3":"status-publish","4":"format-standard","5":"has-post-thumbnail","7":"category-aktualitet","8":"category-rajoni"},"_links":{"self":[{"href":"https:\/\/zjarr.tv\/en\/wp-json\/wp\/v2\/posts\/83776","targetHints":{"allow":["GET"]}}],"collection":[{"href":"https:\/\/zjarr.tv\/en\/wp-json\/wp\/v2\/posts"}],"about":[{"href":"https:\/\/zjarr.tv\/en\/wp-json\/wp\/v2\/types\/post"}],"author":[{"embeddable":true,"href":"https:\/\/zjarr.tv\/en\/wp-json\/wp\/v2\/users\/2013"}],"replies":[{"embeddable":true,"href":"https:\/\/zjarr.tv\/en\/wp-json\/wp\/v2\/comments?post=83776"}],"version-history":[{"count":0,"href":"https:\/\/zjarr.tv\/en\/wp-json\/wp\/v2\/posts\/83776\/revisions"}],"wp:featuredmedia":[{"embeddable":true,"href":"https:\/\/zjarr.tv\/en\/wp-json\/wp\/v2\/media\/77040"}],"wp:attachment":[{"href":"https:\/\/zjarr.tv\/en\/wp-json\/wp\/v2\/media?parent=83776"}],"wp:term":[{"taxonomy":"category","embeddable":true,"href":"https:\/\/zjarr.tv\/en\/wp-json\/wp\/v2\/categories?post=83776"},{"taxonomy":"post_tag","embeddable":true,"href":"https:\/\/zjarr.tv\/en\/wp-json\/wp\/v2\/tags?post=83776"}],"curies":[{"name":"wp","href":"https:\/\/api.w.org\/{rel}","templated":true}]}}