{"id":83785,"date":"2019-05-13T16:47:58","date_gmt":"2019-05-13T14:47:58","guid":{"rendered":"https:\/\/zjarr.tv\/?p=83785"},"modified":"2019-05-13T16:47:58","modified_gmt":"2019-05-13T14:47:58","slug":"protestoi-per-ndihmen-ekonomike-qe-i-hoqen-policia-arreston-invalidin","status":"publish","type":"post","link":"https:\/\/zjarr.tv\/en\/protestoi-per-ndihmen-ekonomike-qe-i-hoqen-policia-arreston-invalidin\/","title":{"rendered":"Protestoi p\u00ebr ndihm\u00ebn ekonomike q\u00eb i hoq\u00ebn, Policia arreston invalidin"},"content":{"rendered":"<p>Nj\u00eb invalid \u00ebsht\u00eb ndaluar pak minuta m\u00eb par\u00eb nga Policia e Shkodr\u00ebs.<\/p>\n<p>Ai \u00ebsht\u00eb Gjergj \u00c7uni dhe \u00ebsht\u00eb ndaluar vet\u00ebm pak or\u00eb para protest\u00ebs s\u00eb sotme q\u00eb do t\u00eb mbahet n\u00eb Tiran\u00eb nga opozita p\u00ebrball\u00eb Kryeministris\u00eb n\u00eb or\u00ebn 18.30.<\/p>\n<p>Personi i ndaluar \u00ebsht\u00eb Gjergj \u00c7uni, i cili \u00ebsht\u00eb shoq\u00ebruar n\u00eb Polici me pretekstin e pjes\u00ebmarrjes n\u00eb protest\u00ebn e s\u00eb shtun\u00ebs ku pati p\u00ebrplasje midis Policis\u00eb dhe protestuesve.<\/p>\n<p>N\u00eb nj\u00eb komunikim me mediat, Xhevat Amulli, kreu i demokrat\u00ebve n\u00eb Shkod\u00ebr tha se:<\/p>\n<p>\u201cProtestat nuk ka gj\u00eb q\u00eb do ti ndal\u00eb. Rama \u00ebsht\u00eb n\u00eb grahmat e fundit. N\u00eb k\u00ebto momente kan\u00eb filluar arrestimet n\u00eb Shkod\u00ebr, \u00ebsht\u00eb arrestuar invalidi Gjergj \u00c7uni, i cili proteston p\u00ebr pag\u00ebn e tij q\u00eb ja kan\u00eb hequr. Ai fillon arrestimet me shtres\u00ebn m\u00eb t\u00eb vobekt\u00eb t\u00eb k\u00ebtij qyteti. Un\u00eb i b\u00ebj thirrje policis\u00eb q\u00eb mos aplikohet dhe mos arrestoj\u00eb njer\u00ebz, pasi ata jan\u00eb qytetar\u00eb t\u00eb thjesht\u00eb q\u00eb protestojn\u00eb. Policia t\u00eb distancohet, pasi n\u00eb t\u00eb kund\u00ebr do t\u00eb ket\u00eb p\u00ebrplasje me policin\u00eb edhe n\u00eb Shkod\u00ebr.\u201d<\/p>\n<p>&nbsp;<\/p>","protected":false},"excerpt":{"rendered":"<p>Nj\u00eb invalid \u00ebsht\u00eb ndaluar pak minuta m\u00eb par\u00eb nga Policia e Shkodr\u00ebs. Ai \u00ebsht\u00eb Gjergj \u00c7uni dhe \u00ebsht\u00eb ndaluar vet\u00ebm pak or\u00eb para protest\u00ebs s\u00eb sotme q\u00eb do t\u00eb mbahet n\u00eb Tiran\u00eb nga opozita p\u00ebrball\u00eb Kryeministris\u00eb n\u00eb or\u00ebn 18.30. Personi i ndaluar \u00ebsht\u00eb Gjergj \u00c7uni, i cili \u00ebsht\u00eb shoq\u00ebruar n\u00eb Polici me pretekstin e pjes\u00ebmarrjes [&hellip;]<\/p>\n","protected":false},"author":2013,"featured_media":83786,"comment_status":"open","ping_status":"closed","sticky":false,"template":"","format":"standard","meta":{"footnotes":""},"categories":[241,235],"tags":[],"class_list":{"0":"post-83785","1":"post","2":"type-post","3":"status-publish","4":"format-standard","5":"has-post-thumbnail","7":"category-aktualitet","8":"category-vendi"},"_links":{"self":[{"href":"https:\/\/zjarr.tv\/en\/wp-json\/wp\/v2\/posts\/83785","targetHints":{"allow":["GET"]}}],"collection":[{"href":"https:\/\/zjarr.tv\/en\/wp-json\/wp\/v2\/posts"}],"about":[{"href":"https:\/\/zjarr.tv\/en\/wp-json\/wp\/v2\/types\/post"}],"author":[{"embeddable":true,"href":"https:\/\/zjarr.tv\/en\/wp-json\/wp\/v2\/users\/2013"}],"replies":[{"embeddable":true,"href":"https:\/\/zjarr.tv\/en\/wp-json\/wp\/v2\/comments?post=83785"}],"version-history":[{"count":0,"href":"https:\/\/zjarr.tv\/en\/wp-json\/wp\/v2\/posts\/83785\/revisions"}],"wp:featuredmedia":[{"embeddable":true,"href":"https:\/\/zjarr.tv\/en\/wp-json\/wp\/v2\/media\/83786"}],"wp:attachment":[{"href":"https:\/\/zjarr.tv\/en\/wp-json\/wp\/v2\/media?parent=83785"}],"wp:term":[{"taxonomy":"category","embeddable":true,"href":"https:\/\/zjarr.tv\/en\/wp-json\/wp\/v2\/categories?post=83785"},{"taxonomy":"post_tag","embeddable":true,"href":"https:\/\/zjarr.tv\/en\/wp-json\/wp\/v2\/tags?post=83785"}],"curies":[{"name":"wp","href":"https:\/\/api.w.org\/{rel}","templated":true}]}}