{"id":83788,"date":"2019-05-13T16:56:25","date_gmt":"2019-05-13T14:56:25","guid":{"rendered":"https:\/\/zjarr.tv\/?p=83788"},"modified":"2019-05-13T16:56:25","modified_gmt":"2019-05-13T14:56:25","slug":"ish-deputetja-te-tregojme-se-vendi-sqeveriset-duke-vjedhur-vota","status":"publish","type":"post","link":"https:\/\/zjarr.tv\/en\/ish-deputetja-te-tregojme-se-vendi-sqeveriset-duke-vjedhur-vota\/","title":{"rendered":"Ish-deputetja: T\u00eb tregojm\u00eb se vendi s\u2019qeveriset duke vjedhur vota"},"content":{"rendered":"<p>Ish-deputetja demokrate e Shkodr\u00ebs Izmira Ulqinaku i ka b\u00ebr\u00eb thirrje t\u00eb gjith\u00eb t\u00eb rinjve, student\u00ebve dhe shkodran\u00ebve q\u00eb jetojn\u00eb n\u00eb Tiran\u00eb t\u00eb marrin pjes\u00eb n\u00eb protest\u00ebn e sotme.<\/p>\n<p>N\u00eb nj\u00eb postim n\u00eb \u201cFacebook\u201d Ulqinaku thot\u00eb se duhet t\u00eb tregojm\u00eb se ky vend nuk mund t\u00eb qeveriset duke vjedhur votat.<\/p>\n<p>\u201cShkodran\u00ebt nuk kan\u00eb zhg\u00ebnjyer kurr\u00eb, ata me energjin\u00eb e tyre, kan\u00eb mbajtur lart z\u00ebrin e aksionit opozitar.<br \/>\nFtoj t\u00eb gjith\u00eb t\u00eb rinjt\u00eb, student\u00ebt dhe shkodran\u00ebt q\u00eb jetojn\u00eb n\u00eb Tiran\u00eb t\u00eb b\u00ebhen pjes\u00eb e protest\u00ebs s\u00eb dit\u00ebs s\u00eb sotme n\u00eb ora 18:30, para Kryeministris\u00eb s\u00eb krimit.<br \/>\nDuhet t\u00eb tregojm\u00eb se ky vend nuk mund t\u00eb qeveriset duke vjedhur votat, degraduar institucionet dhe duke varf\u00ebruar shqiptar\u00ebt. #ramaik #ShqiperiaSiEuropa\u201d, shkruan ish-deputetja e PD.<\/p>","protected":false},"excerpt":{"rendered":"<p>Ish-deputetja demokrate e Shkodr\u00ebs Izmira Ulqinaku i ka b\u00ebr\u00eb thirrje t\u00eb gjith\u00eb t\u00eb rinjve, student\u00ebve dhe shkodran\u00ebve q\u00eb jetojn\u00eb n\u00eb Tiran\u00eb t\u00eb marrin pjes\u00eb n\u00eb protest\u00ebn e sotme. N\u00eb nj\u00eb postim n\u00eb \u201cFacebook\u201d Ulqinaku thot\u00eb se duhet t\u00eb tregojm\u00eb se ky vend nuk mund t\u00eb qeveriset duke vjedhur votat. \u201cShkodran\u00ebt nuk kan\u00eb zhg\u00ebnjyer kurr\u00eb, ata [&hellip;]<\/p>\n","protected":false},"author":2013,"featured_media":83789,"comment_status":"open","ping_status":"closed","sticky":false,"template":"","format":"standard","meta":{"footnotes":""},"categories":[241,235],"tags":[],"class_list":{"0":"post-83788","1":"post","2":"type-post","3":"status-publish","4":"format-standard","5":"has-post-thumbnail","7":"category-aktualitet","8":"category-vendi"},"_links":{"self":[{"href":"https:\/\/zjarr.tv\/en\/wp-json\/wp\/v2\/posts\/83788","targetHints":{"allow":["GET"]}}],"collection":[{"href":"https:\/\/zjarr.tv\/en\/wp-json\/wp\/v2\/posts"}],"about":[{"href":"https:\/\/zjarr.tv\/en\/wp-json\/wp\/v2\/types\/post"}],"author":[{"embeddable":true,"href":"https:\/\/zjarr.tv\/en\/wp-json\/wp\/v2\/users\/2013"}],"replies":[{"embeddable":true,"href":"https:\/\/zjarr.tv\/en\/wp-json\/wp\/v2\/comments?post=83788"}],"version-history":[{"count":0,"href":"https:\/\/zjarr.tv\/en\/wp-json\/wp\/v2\/posts\/83788\/revisions"}],"wp:featuredmedia":[{"embeddable":true,"href":"https:\/\/zjarr.tv\/en\/wp-json\/wp\/v2\/media\/83789"}],"wp:attachment":[{"href":"https:\/\/zjarr.tv\/en\/wp-json\/wp\/v2\/media?parent=83788"}],"wp:term":[{"taxonomy":"category","embeddable":true,"href":"https:\/\/zjarr.tv\/en\/wp-json\/wp\/v2\/categories?post=83788"},{"taxonomy":"post_tag","embeddable":true,"href":"https:\/\/zjarr.tv\/en\/wp-json\/wp\/v2\/tags?post=83788"}],"curies":[{"name":"wp","href":"https:\/\/api.w.org\/{rel}","templated":true}]}}