{"id":83801,"date":"2019-05-13T17:44:47","date_gmt":"2019-05-13T15:44:47","guid":{"rendered":"https:\/\/zjarr.tv\/?p=83801"},"modified":"2019-05-13T17:44:47","modified_gmt":"2019-05-13T15:44:47","slug":"makina-perplaset-me-motorin-ne-vijat-e-bardha","status":"publish","type":"post","link":"https:\/\/zjarr.tv\/en\/makina-perplaset-me-motorin-ne-vijat-e-bardha\/","title":{"rendered":"Makina p\u00ebrplaset  me motorin n\u00eb vijat e bardha"},"content":{"rendered":"<p>Nj\u00eb ngarje e r\u00ebnd\u00eb ka ndodhur para pak minutash n\u00eb rrug\u00ebn Transballkanike n\u00eb Vlor\u00eb, ku nj\u00eb mjet \u00ebsht\u00eb p\u00ebrplasur me nj\u00eb motor.<\/p>\n<p>Thuhet se drejtuesi i motorit i ka prer\u00eb rrug\u00ebn mjetit tip Audi, duke e kapur n\u00eb befasi shoferin e mjetit.<\/p>\n<p>Drejtuesi i mjetit ka hyr\u00eb n\u00eb vijat e bardha kur \u00ebshte goditur nga automjeti<\/p>\n<p>T\u00eb dy drejtuesit e mjeteve jan\u00eb d\u00ebrguar n\u00eb spitalin rajonal<\/p>\n<p>N\u00eb vendngjarje Policia ka nisur hetimet p\u00ebr shkaqet e aksidentit.<\/p>\n<p>&nbsp;<\/p>","protected":false},"excerpt":{"rendered":"<p>Nj\u00eb ngarje e r\u00ebnd\u00eb ka ndodhur para pak minutash n\u00eb rrug\u00ebn Transballkanike n\u00eb Vlor\u00eb, ku nj\u00eb mjet \u00ebsht\u00eb p\u00ebrplasur me nj\u00eb motor. Thuhet se drejtuesi i motorit i ka prer\u00eb rrug\u00ebn mjetit tip Audi, duke e kapur n\u00eb befasi shoferin e mjetit. Drejtuesi i mjetit ka hyr\u00eb n\u00eb vijat e bardha kur \u00ebshte goditur nga [&hellip;]<\/p>\n","protected":false},"author":2013,"featured_media":66936,"comment_status":"open","ping_status":"closed","sticky":false,"template":"","format":"standard","meta":{"footnotes":""},"categories":[241,235],"tags":[],"class_list":{"0":"post-83801","1":"post","2":"type-post","3":"status-publish","4":"format-standard","5":"has-post-thumbnail","7":"category-aktualitet","8":"category-vendi"},"_links":{"self":[{"href":"https:\/\/zjarr.tv\/en\/wp-json\/wp\/v2\/posts\/83801","targetHints":{"allow":["GET"]}}],"collection":[{"href":"https:\/\/zjarr.tv\/en\/wp-json\/wp\/v2\/posts"}],"about":[{"href":"https:\/\/zjarr.tv\/en\/wp-json\/wp\/v2\/types\/post"}],"author":[{"embeddable":true,"href":"https:\/\/zjarr.tv\/en\/wp-json\/wp\/v2\/users\/2013"}],"replies":[{"embeddable":true,"href":"https:\/\/zjarr.tv\/en\/wp-json\/wp\/v2\/comments?post=83801"}],"version-history":[{"count":0,"href":"https:\/\/zjarr.tv\/en\/wp-json\/wp\/v2\/posts\/83801\/revisions"}],"wp:featuredmedia":[{"embeddable":true,"href":"https:\/\/zjarr.tv\/en\/wp-json\/wp\/v2\/media\/66936"}],"wp:attachment":[{"href":"https:\/\/zjarr.tv\/en\/wp-json\/wp\/v2\/media?parent=83801"}],"wp:term":[{"taxonomy":"category","embeddable":true,"href":"https:\/\/zjarr.tv\/en\/wp-json\/wp\/v2\/categories?post=83801"},{"taxonomy":"post_tag","embeddable":true,"href":"https:\/\/zjarr.tv\/en\/wp-json\/wp\/v2\/tags?post=83801"}],"curies":[{"name":"wp","href":"https:\/\/api.w.org\/{rel}","templated":true}]}}