{"id":83809,"date":"2019-05-13T18:12:32","date_gmt":"2019-05-13T16:12:32","guid":{"rendered":"https:\/\/zjarr.tv\/?p=83809"},"modified":"2019-05-13T18:12:32","modified_gmt":"2019-05-13T16:12:32","slug":"po-planifikojne-akte-dhune-pd-i-pergjigjet-ministrise-se-brendshme-sajese-e-neveritshme","status":"publish","type":"post","link":"https:\/\/zjarr.tv\/en\/po-planifikojne-akte-dhune-pd-i-pergjigjet-ministrise-se-brendshme-sajese-e-neveritshme\/","title":{"rendered":"\u201cPo planifikojn\u00eb akte dhune\u201d, PD i p\u00ebrgjigjet Ministris\u00eb s\u00eb Brendshme: Sajes\u00eb e neveritshme"},"content":{"rendered":"<p>Sekretari i Partis\u00eb Demokratike, Gazmend Bardhi n\u00eb nj\u00eb deklarat\u00eb p\u00ebr mediat tha se deklarata e Ministris\u00eb s\u00eb Brendshme se PD ka prodhuar bomba molotov p\u00ebr porotest\u00ebne sotme jan\u00eb sajesa dhe t\u00eb neveritshme.<\/p>\n<p>Gjithashtu Bardhi u shpreh se autor\u00ebt e parull\u00ebs n\u00eb pallatin e Bochart duhen gjetur dhe d\u00ebnuar.<\/p>\n<p><strong>Bardhi:<\/strong>\u00a0<em>Partia Demokratike d\u00ebnon me ashp\u00ebrsi deklarat\u00ebn e Minstris\u00eb s\u00eb Brendshme si nj\u00eb deklarat\u00eb q\u00eb nxit dhun\u00eb dhe nuk i sh\u00ebrben stabilitetit t\u00eb vendit.<\/em><\/p>\n<p><em>Qeveria q\u00eb q\u00ebndron n\u00eb pushtet me votat e blera nga krimi i organizuar dezinformon dhe mashtron opinionin publik p\u00ebr q\u00ebllimin e protest\u00ebs s\u00eb opozit\u00ebs. Dhuna nuk \u00ebsht\u00eb dhe nuk do t\u00eb jet\u00eb kurr\u00eb q\u00ebllim dhe as mjet i Partis\u00eb Demokratike.<\/em><\/p>\n<p><em>Deklaratat e Ministris\u00eb s\u00eb Brendshme se Partia Demokratike ka prodhuar dhe ka shp\u00ebrndar\u00eb bomba molotov p\u00ebr protest\u00ebn e sotme jan\u00eb nj\u00eb sajes\u00eb e neveritshme, q\u00eb synojn\u00eb p\u00ebrplasje, konflikt dhe frik\u00eb tek qytetar\u00ebt. \u00a0<\/em><\/p>\n<p><em>Partia Demokratike ka thirrur sot nj\u00eb marshim proteste t\u00eb gjith\u00eb qytetar\u00ebve kund\u00ebr dhun\u00ebs, p\u00ebr Shqip\u00ebrin\u00eb si gjith\u00eb Europa.<\/em><\/p>\n<p><em>I sigurojm\u00eb qytetar\u00ebt se Partia Demokratike \u00ebsht\u00eb e angazhuar vet\u00ebm p\u00ebr protest\u00eb paq\u00ebsore. Partia Demokratike \u00ebsht\u00eb parti e liris\u00eb dhe e vlerave europiane dhe euroatlantike, ajo ka refuzuar dhe refuzon dhun\u00ebn dhe bashk\u00ebpunimin me krimin p\u00ebr t\u00eb ardhur n\u00eb pushtet. \u00a0\u00cbsht\u00eb e d\u00ebnueshme \u00e7do p\u00ebrpjekje propagandistike e qeveris\u00eb p\u00ebr ta kund\u00ebrv\u00ebn\u00eb Partin\u00eb Demokratike me partner\u00ebt tan\u00eb, si n\u00eb rastin e mbishkrimeve n\u00eb banes\u00ebn e ambasadorit t\u00eb OSBE-s\u00eb. Ne i k\u00ebrkojm\u00eb prokuroris\u00eb t\u00eb zbuloj\u00eb kush jan\u00eb autor\u00ebt e k\u00ebtij akti t\u00eb sh\u00ebmtuar dhe t\u2019i v\u00ebr\u00eb ata pa\u00ebrpara p\u00ebrgjegj\u00ebsis\u00eb.<\/em><\/p>\n<p><em>\u2003<\/em><br \/>\n<em>Dhuna \u00ebsht\u00eb mjeti kryesor me t\u00eb cilin Rama mban pushtetin, duke goditur qytetar\u00ebt e pambrojtur. \u00cbsht\u00eb Edi Rama ai q\u00eb nxorri me gaz lotsjell\u00ebs nga sht\u00ebpit\u00eb banor\u00ebt tek bregu i Lumit, q\u00eb k\u00ebrc\u00ebnon banor\u00ebt e Astirt me shkat\u00ebrrimin e sht\u00ebpive, q\u00eb ka futur n\u00eb burgje mbi 10 mij\u00eb qytetar\u00eb q\u00eb nuk paguajn\u00eb dot energjin\u00eb elektrike, q\u00eb u ka hequr buk\u00ebn e goj\u00ebs mij\u00ebra t\u00eb tjer\u00ebve. Ky \u00ebsht\u00eb zem\u00ebrimi n\u00eb rritje i mij\u00ebra e mij\u00ebra qytetar\u00ebve t\u00eb tjer\u00eb, t\u00eb posht\u00ebruar e t\u00eb dhunuar nga regjimi I Edi Ran\u00ebs.<\/em><\/p>\n<p><em>Partia Demokratike \u00ebsht\u00eb e vendosur t\u00eb mos b\u00ebj\u00eb asnj\u00eb hap prapa p\u00ebr t\u00eb drejt\u00ebn themelore politike t\u00eb njer\u00ebzve t\u00eb lir\u00eb, vot\u00ebn e lir\u00eb, t\u00eb pandikuar nga krimi dhe korrupsioni, nj\u00ebsoj si\u00e7 ndodh n\u00eb Shtetet e Bashkuara t\u00eb Amerik\u00ebs, n\u00eb Britani, Franc\u00eb, Gjermani, Itali dhe kudo.<\/em><\/p>\n<p><em>Protestat tona i sh\u00ebrbejn\u00eb vet\u00ebm k\u00ebtij q\u00ebllimi. Ne jemi distancuar nga dhuna dhe e kemi d\u00ebnuar at\u00eb q\u00eb gjat\u00eb protest\u00ebs s\u00eb 11 Majit. Mediat kan\u00eb transmetuar live thirrjen e Kryetarit t\u00eb Partis\u00eb Demokratike Lulzim Basha p\u00ebr protestuesit, q\u00eb t\u00eb mos c\u00ebnojn\u00eb asnj\u00eb polic n\u00eb krye t\u00eb detyr\u00ebs. \u00a0<\/em><\/p>\n<p><em>Skenar\u00ebt kriminla\u00eb t\u00eb Edi Ram\u00ebs, pengimi I s\u00eb drejt\u00ebs p\u00ebr t\u00eb protestuar p\u00ebr opozit\u00ebs dhuna dhe terrori mbi protestuesit nuk kan\u00eb p\u00ebr t\u00eb na ndalur. Beteja jon\u00eb \u00ebsht\u00eb p\u00ebr Shqip\u00ebrin\u00eb si gjith\u00eb Europa, prandaj ne kemi mb\u00ebshtetjen e shumic\u00ebs s\u00eb shqiptar\u00ebve t\u00eb ndersh\u00ebm.<\/em><\/p>\n<p>&nbsp;<\/p>","protected":false},"excerpt":{"rendered":"<p>Sekretari i Partis\u00eb Demokratike, Gazmend Bardhi n\u00eb nj\u00eb deklarat\u00eb p\u00ebr mediat tha se deklarata e Ministris\u00eb s\u00eb Brendshme se PD ka prodhuar bomba molotov p\u00ebr porotest\u00ebne sotme jan\u00eb sajesa dhe t\u00eb neveritshme. Gjithashtu Bardhi u shpreh se autor\u00ebt e parull\u00ebs n\u00eb pallatin e Bochart duhen gjetur dhe d\u00ebnuar. Bardhi:\u00a0Partia Demokratike d\u00ebnon me ashp\u00ebrsi deklarat\u00ebn e [&hellip;]<\/p>\n","protected":false},"author":2013,"featured_media":0,"comment_status":"open","ping_status":"closed","sticky":false,"template":"","format":"standard","meta":{"footnotes":""},"categories":[241,235],"tags":[],"class_list":{"0":"post-83809","1":"post","2":"type-post","3":"status-publish","4":"format-standard","6":"category-aktualitet","7":"category-vendi"},"_links":{"self":[{"href":"https:\/\/zjarr.tv\/en\/wp-json\/wp\/v2\/posts\/83809","targetHints":{"allow":["GET"]}}],"collection":[{"href":"https:\/\/zjarr.tv\/en\/wp-json\/wp\/v2\/posts"}],"about":[{"href":"https:\/\/zjarr.tv\/en\/wp-json\/wp\/v2\/types\/post"}],"author":[{"embeddable":true,"href":"https:\/\/zjarr.tv\/en\/wp-json\/wp\/v2\/users\/2013"}],"replies":[{"embeddable":true,"href":"https:\/\/zjarr.tv\/en\/wp-json\/wp\/v2\/comments?post=83809"}],"version-history":[{"count":0,"href":"https:\/\/zjarr.tv\/en\/wp-json\/wp\/v2\/posts\/83809\/revisions"}],"wp:attachment":[{"href":"https:\/\/zjarr.tv\/en\/wp-json\/wp\/v2\/media?parent=83809"}],"wp:term":[{"taxonomy":"category","embeddable":true,"href":"https:\/\/zjarr.tv\/en\/wp-json\/wp\/v2\/categories?post=83809"},{"taxonomy":"post_tag","embeddable":true,"href":"https:\/\/zjarr.tv\/en\/wp-json\/wp\/v2\/tags?post=83809"}],"curies":[{"name":"wp","href":"https:\/\/api.w.org\/{rel}","templated":true}]}}