{"id":83814,"date":"2019-05-14T11:28:05","date_gmt":"2019-05-14T09:28:05","guid":{"rendered":"https:\/\/zjarr.tv\/?p=83814"},"modified":"2019-05-14T11:28:05","modified_gmt":"2019-05-14T09:28:05","slug":"pas-protestes-ambasadori-britanik-i-shkon-ne-zyre-bashes","status":"publish","type":"post","link":"https:\/\/zjarr.tv\/en\/pas-protestes-ambasadori-britanik-i-shkon-ne-zyre-bashes\/","title":{"rendered":"Pas protest\u00ebs, ambasadori britanik i shkon n\u00eb zyr\u00eb Bash\u00ebs"},"content":{"rendered":"<p>Ambasadori i Britanis\u00eb s\u00eb Madhe, Duncan Norman nj\u00eb dit\u00eb pas protest\u00ebs\u00a0 s\u00eb pest\u00eb komb\u00ebtare i ka shkuar n\u00eb zyr\u00eb kryedemokratit Lulzim Basha.<\/p>\n<p>Ende nuk ka detaje p\u00ebr at\u00eb se \u00e7far\u00eb do t\u00eb diskutojn\u00eb mes tyre. Kujtojm\u00eb se gjat\u00eb dit\u00ebs s\u00eb djeshme, ambasadat dhe p\u00ebrfaq\u00ebsia e huaj n\u00eb vend i b\u00ebn thirrje opozit\u00ebs t\u00eb distancohet nga aktet e dhun\u00ebs.<\/p>\n<p>Protesta e djeshme e opozit\u00ebs ishte m\u00eb e qet\u00eb, ndryshe nga ajo e fundjav\u00ebs s\u00eb shkuar, e cila u shoq\u00ebrua me p\u00ebrplasje mes policis\u00eb dhe protestuesve. Nd\u00ebrkoh\u00eb nd\u00ebrkomb\u00ebtar\u00ebt kan\u00eb b\u00ebr\u00eb thirrje q\u00eb pal\u00ebt politike t\u00eb ulen dhe t\u00eb gjejn\u00eb gjuh\u00ebn e dialogut.<\/p>\n<p><strong>Mesazhi i ambasad\u00ebs britanike dit\u00ebn e djeshme:<\/strong><\/p>\n<p>E drejta p\u00ebr t\u00eb protestuar \u00ebsht\u00eb nj\u00eb p\u00ebrb\u00ebr\u00ebs thelb\u00ebsor i nj\u00eb demokracie t\u00eb sh\u00ebndetshme. Por protestat duhet t\u00eb jen\u00eb paq\u00ebsore. Ne d\u00ebnojm\u00eb dhun\u00ebn q\u00eb u zhvillua gjat\u00eb protest\u00ebs s\u00eb 11 majit q\u00eb plagosi si policin\u00eb dhe protestuesit dhe shkaktoi d\u00ebme n\u00eb pron\u00eb.<\/p>\n<p>Ne u k\u00ebrkojm\u00eb lider\u00ebve t\u00eb opozit\u00ebs t\u00eb d\u00ebnojn\u00eb dhun\u00ebn dhe t\u00eb sigurojn\u00eb q\u00eb protestat q\u00eb ata mbajn\u00eb jan\u00eb paq\u00ebsore dhe t\u00eb mbahen n\u00eb p\u00ebrputhje me ligjin.<\/p>\n<p>Ne gjithashtu k\u00ebrkojm\u00eb q\u00eb policia t\u00eb tregoj\u00eb p\u00ebrmbajtje dhe t\u00eb respektoj\u00eb sundimin e ligjit q\u00eb ata mb\u00ebshtesin. Ne d\u00ebnojm\u00eb me gjith\u00eb zem\u00ebr frik\u00ebsimin e ambasadorit t\u00eb OSBE-s\u00eb dhe d\u00ebmet e shkaktuara n\u00eb q\u00ebndrimin e tij zyrtar. Nuk ka vend p\u00ebr nj\u00eb veprim t\u00eb till\u00eb n\u00eb nj\u00eb demokraci moderne. Ne i b\u00ebjm\u00eb thirrje t\u00eb gjitha pal\u00ebve t\u00eb hyjn\u00eb n\u00eb dialog, e cila \u00ebsht\u00eb m\u00ebnyra e vetme n\u00eb t\u00eb cil\u00ebn bllokimi i tanish\u00ebm mund t\u00eb zgjidhet. Dhuna dhe retorika nuk jan\u00eb p\u00ebrgjigja.<\/p>","protected":false},"excerpt":{"rendered":"<p>Ambasadori i Britanis\u00eb s\u00eb Madhe, Duncan Norman nj\u00eb dit\u00eb pas protest\u00ebs\u00a0 s\u00eb pest\u00eb komb\u00ebtare i ka shkuar n\u00eb zyr\u00eb kryedemokratit Lulzim Basha. Ende nuk ka detaje p\u00ebr at\u00eb se \u00e7far\u00eb do t\u00eb diskutojn\u00eb mes tyre. Kujtojm\u00eb se gjat\u00eb dit\u00ebs s\u00eb djeshme, ambasadat dhe p\u00ebrfaq\u00ebsia e huaj n\u00eb vend i b\u00ebn thirrje opozit\u00ebs t\u00eb distancohet nga [&hellip;]<\/p>\n","protected":false},"author":4,"featured_media":80360,"comment_status":"open","ping_status":"closed","sticky":false,"template":"","format":"standard","meta":{"footnotes":""},"categories":[241,231,235],"tags":[],"class_list":{"0":"post-83814","1":"post","2":"type-post","3":"status-publish","4":"format-standard","5":"has-post-thumbnail","7":"category-aktualitet","8":"category-lajme","9":"category-vendi"},"_links":{"self":[{"href":"https:\/\/zjarr.tv\/en\/wp-json\/wp\/v2\/posts\/83814","targetHints":{"allow":["GET"]}}],"collection":[{"href":"https:\/\/zjarr.tv\/en\/wp-json\/wp\/v2\/posts"}],"about":[{"href":"https:\/\/zjarr.tv\/en\/wp-json\/wp\/v2\/types\/post"}],"author":[{"embeddable":true,"href":"https:\/\/zjarr.tv\/en\/wp-json\/wp\/v2\/users\/4"}],"replies":[{"embeddable":true,"href":"https:\/\/zjarr.tv\/en\/wp-json\/wp\/v2\/comments?post=83814"}],"version-history":[{"count":0,"href":"https:\/\/zjarr.tv\/en\/wp-json\/wp\/v2\/posts\/83814\/revisions"}],"wp:featuredmedia":[{"embeddable":true,"href":"https:\/\/zjarr.tv\/en\/wp-json\/wp\/v2\/media\/80360"}],"wp:attachment":[{"href":"https:\/\/zjarr.tv\/en\/wp-json\/wp\/v2\/media?parent=83814"}],"wp:term":[{"taxonomy":"category","embeddable":true,"href":"https:\/\/zjarr.tv\/en\/wp-json\/wp\/v2\/categories?post=83814"},{"taxonomy":"post_tag","embeddable":true,"href":"https:\/\/zjarr.tv\/en\/wp-json\/wp\/v2\/tags?post=83814"}],"curies":[{"name":"wp","href":"https:\/\/api.w.org\/{rel}","templated":true}]}}