{"id":83816,"date":"2019-05-14T11:30:17","date_gmt":"2019-05-14T09:30:17","guid":{"rendered":"https:\/\/zjarr.tv\/?p=83816"},"modified":"2019-05-14T11:30:17","modified_gmt":"2019-05-14T09:30:17","slug":"protesta-7-te-arrestuar-dhe-15-te-proceduar3-police-te-plagosur","status":"publish","type":"post","link":"https:\/\/zjarr.tv\/en\/protesta-7-te-arrestuar-dhe-15-te-proceduar3-police-te-plagosur\/","title":{"rendered":"Protesta, 7 t\u00eb arrestuar dhe 15 t\u00eb proceduar,3 polic\u00eb t\u00eb plagosur"},"content":{"rendered":"<p>Pas analizimit t\u00eb pamjeve t\u00eb kamerave t\u00eb \u00a0siguris\u00eb dhe pamje t\u00eb tjera t\u00eb siguruara nga policia gjat\u00eb protest\u00ebs t\u00eb s\u00eb h\u00ebn\u00ebs jan\u00eb arrestuar\u00a0 7 persona dhe 15 t\u00eb tjer\u00eb i ka proceduar n\u00eb gjendje t\u00eb lire p\u00ebr veprat penale \u201cKund\u00ebrshtimi i punonj\u00ebsit t\u00eb policis\u00eb s\u00eb rendit publik\u201d, \u201cGoditje p\u00ebr shkak t\u00eb detyr\u00ebs\u201d \u201cPrishja e qet\u00ebsis\u00eb publike\u201d, \u201cShkat\u00ebrrimi i pron\u00ebs\u201d dhe \u201dShkelja e rregullave mbi l\u00ebnd\u00ebt plas\u00ebse, djeg\u00ebse dhe radioaktive\u201d, nd\u00ebrsa 3 efektiv\u00eb policie rezultojn\u00eb t\u00eb plagosur.<\/p>\n<p>Grupi hetimor po vijon pun\u00ebn p\u00ebr identifikimin e persona t\u00eb tjer\u00eb t\u00eb dyshuar p\u00ebr kryerjen e veprimeve t\u00eb kundraligjshme n\u00eb k\u00ebt\u00eb protest\u00eb t\u00eb dhunshme.<\/p>\n<p>\u201c22 t\u00eb proceduar p\u00ebr aktet e dhun\u00ebs ndaj punonj\u00ebsve t\u00eb Policis\u00eb dhe institucioneve shtet\u00ebrore n\u00eb protest\u00ebn djeshme t\u00eb opozit\u00ebs, nd\u00ebr ta 7 t\u00eb arrestuar.<\/p>\n<p>N\u00eb dat\u00eb 13 Maj 2019, rreth or\u00ebs 18:30 subjektet politike Partia Demokratike dhe L\u00ebvizja Socialiste p\u00ebr Integrim kan\u00eb zhvilluar tubim n\u00eb Bulevardin \u201cD\u00ebshmor\u00ebt e Kombit\u201d para Kryeministris\u00eb, DPPSH, Parlamentit, Ministris\u00eb s\u00eb Brendshme dhe m\u00eb pas tek Drejtoria Vendore e Policis\u00eb Tiran\u00eb.<\/p>\n<p>Gjat\u00eb zhvillimit t\u00eb tubimit si para Kryeministris\u00eb dhe m\u00eb pas pran\u00eb DPPSH, Parlamentit, Ministris\u00eb s\u00eb Brendshme si dhe tek Drejtoria Vendore e Policis\u00eb, pjes\u00ebmarr\u00ebsit n\u00eb tubim kan\u00eb kund\u00ebrshtuar, goditur me mjete t\u00eb forta, fishekzjarre, tymuese dhe sidomos tek DPPSH dhe DVP me kapsolla, punonj\u00ebsit e Policis\u00eb, t\u00eb cil\u00ebt kan\u00eb qen\u00eb t\u00eb planizuar me sh\u00ebrbim.<\/p>\n<p>Nga goditjet, kund\u00ebrshtimet dhe p\u00ebrdorimi i l\u00ebnd\u00ebve piroteknike, sendeve t\u00eb forta kan\u00eb mbetur t\u00eb plagosur 3 punonj\u00ebs t\u00eb Policis\u00eb, t\u00eb cil\u00ebt mor\u00ebn ndihm\u00ebn e par\u00eb pran\u00eb spitalit t\u00eb Traum\u00ebs dhe SQU.<\/p>\n<p>N\u00eb t\u00eb gjitha ambientet e p\u00ebrmendura protestuesit si pasoj\u00eb e p\u00ebrdorimit t\u00eb fishekzjarreve, kapsollave e sendeve t\u00eb tjera kan\u00eb shkaktuar d\u00ebme t\u00eb konsiderueshme materiale.<\/p>\n<p>Bazuar n\u00eb prova, pamje filmike, raporte sh\u00ebrbimi u arrestuan n\u00eb flagranc\u00eb 7 persona, p\u00ebr kryerjen e veprave penale \u201cKund\u00ebrshtimi i punonj\u00ebsit t\u00eb policis\u00eb s\u00eb rendit publik\u201d, \u201cGoditje p\u00ebr shkak t\u00eb detyr\u00ebs\u201d \u201cPrishja e qet\u00ebsis\u00eb publike\u201d, \u201cShkat\u00ebrrimit t\u00eb pron\u00ebs me zjarr\u201d dhe \u201cShkelja e rregullave mbi l\u00ebnd\u00ebt plas\u00ebse, djeg\u00ebse dhe radioaktive.<\/p>\n<p>Jan\u00eb proceduar gjithashtu n\u00eb gjendje t\u00eb lir\u00eb edhe 15 persona t\u00eb tjer\u00eb p\u00ebr veprat penale \u201cKund\u00ebrshtimi i punonj\u00ebsit t\u00eb policis\u00eb s\u00eb rendit publik\u201d, \u201cGoditje p\u00ebr shkak t\u00eb detyr\u00ebs\u201d \u201cPrishja e qet\u00ebsis\u00eb publike\u201d, \u201cShkat\u00ebrrimi i pron\u00ebs me zjarr\u201d dhe \u201dShkelja e rregullave mbi l\u00ebnd\u00ebt plas\u00ebse, djeg\u00ebse dhe radioaktive\u201d.<\/p>\n<p>Grupi hetimor po vijon pun\u00ebn p\u00ebr identifikimin e personave t\u00eb tjer\u00eb t\u00eb dyshuar p\u00ebr kryerjen e veprimeve t\u00eb kundraligjshme n\u00eb k\u00ebt\u00eb protest\u00eb t\u00eb dhunshme.<\/p>\n<p>Materialet procedurale do t\u2019i referohen Prokuroris\u00eb s\u00eb Rrethit Gjyq\u00ebsor Tiran\u00eb, p\u00ebr veprime t\u00eb m\u00ebtejshme.\u201d-njofton policia.<\/p>\n<p>Kujtojm\u00eb q\u00eb marshimi i protestuesve dje ishte drejtuar\u00a05 godinave t\u00eb institucioneve kryesore n\u00eb vend Kryeministris\u00eb, Drejtoris\u00eb s\u00eb P\u00ebrgjithshme t\u00eb Policis\u00eb-Parlamentit, Ministris\u00eb s\u00eb Brendshme dhe Drejtoris\u00eb s\u00eb Policis\u00eb s\u00eb Tiran\u00ebs.<\/p>\n<p>&nbsp;<\/p>","protected":false},"excerpt":{"rendered":"<p>Pas analizimit t\u00eb pamjeve t\u00eb kamerave t\u00eb \u00a0siguris\u00eb dhe pamje t\u00eb tjera t\u00eb siguruara nga policia gjat\u00eb protest\u00ebs t\u00eb s\u00eb h\u00ebn\u00ebs jan\u00eb arrestuar\u00a0 7 persona dhe 15 t\u00eb tjer\u00eb i ka proceduar n\u00eb gjendje t\u00eb lire p\u00ebr veprat penale \u201cKund\u00ebrshtimi i punonj\u00ebsit t\u00eb policis\u00eb s\u00eb rendit publik\u201d, \u201cGoditje p\u00ebr shkak t\u00eb detyr\u00ebs\u201d \u201cPrishja e qet\u00ebsis\u00eb [&hellip;]<\/p>\n","protected":false},"author":4,"featured_media":75155,"comment_status":"open","ping_status":"closed","sticky":false,"template":"","format":"standard","meta":{"footnotes":""},"categories":[241,231,235],"tags":[],"class_list":{"0":"post-83816","1":"post","2":"type-post","3":"status-publish","4":"format-standard","5":"has-post-thumbnail","7":"category-aktualitet","8":"category-lajme","9":"category-vendi"},"_links":{"self":[{"href":"https:\/\/zjarr.tv\/en\/wp-json\/wp\/v2\/posts\/83816","targetHints":{"allow":["GET"]}}],"collection":[{"href":"https:\/\/zjarr.tv\/en\/wp-json\/wp\/v2\/posts"}],"about":[{"href":"https:\/\/zjarr.tv\/en\/wp-json\/wp\/v2\/types\/post"}],"author":[{"embeddable":true,"href":"https:\/\/zjarr.tv\/en\/wp-json\/wp\/v2\/users\/4"}],"replies":[{"embeddable":true,"href":"https:\/\/zjarr.tv\/en\/wp-json\/wp\/v2\/comments?post=83816"}],"version-history":[{"count":0,"href":"https:\/\/zjarr.tv\/en\/wp-json\/wp\/v2\/posts\/83816\/revisions"}],"wp:featuredmedia":[{"embeddable":true,"href":"https:\/\/zjarr.tv\/en\/wp-json\/wp\/v2\/media\/75155"}],"wp:attachment":[{"href":"https:\/\/zjarr.tv\/en\/wp-json\/wp\/v2\/media?parent=83816"}],"wp:term":[{"taxonomy":"category","embeddable":true,"href":"https:\/\/zjarr.tv\/en\/wp-json\/wp\/v2\/categories?post=83816"},{"taxonomy":"post_tag","embeddable":true,"href":"https:\/\/zjarr.tv\/en\/wp-json\/wp\/v2\/tags?post=83816"}],"curies":[{"name":"wp","href":"https:\/\/api.w.org\/{rel}","templated":true}]}}