{"id":83821,"date":"2019-05-14T11:34:25","date_gmt":"2019-05-14T09:34:25","guid":{"rendered":"https:\/\/zjarr.tv\/?p=83821"},"modified":"2019-05-14T11:34:25","modified_gmt":"2019-05-14T09:34:25","slug":"operacion-ne-dy-shtete-pranga-7-shqiptareve-grabiten-70-apartamente","status":"publish","type":"post","link":"https:\/\/zjarr.tv\/en\/operacion-ne-dy-shtete-pranga-7-shqiptareve-grabiten-70-apartamente\/","title":{"rendered":"Operacion n\u00eb dy shtete, pranga 7 shqiptar\u00ebve grabit\u00ebn 70 apartamente"},"content":{"rendered":"<p>7 shqiptar\u00eb u vun\u00eb n\u00eb pranga pas nj\u00eb hetimi nd\u00ebrkomb\u00ebtar n\u00eb Franc\u00eb dhe Shqip\u00ebri. T\u00eb arrestuarit akuzohen p\u00ebr vjedhje me forc\u00eb t\u00eb rreth 70 apartamenteve n\u00eb zon\u00ebn e Nancy-t, n\u00eb tre-mujorin e fundit t\u00eb vitit 2018. Vlera e sendeve t\u00eb vjedhura p\u00ebrllogaritet n\u00eb rreth 300 mij\u00eb euro dhe p\u00ebrfshir\u00eb bizhuteri, sende me vler\u00eb dhe para cash.<\/p>\n<p>Rezultatet e operacionit u b\u00ebn\u00eb publike n\u00eb nj\u00eb konferenc\u00eb t\u00eb posa\u00e7me p\u00ebr median pasditen e s\u00eb H\u00ebn\u00ebs, organizuar n\u00eb Nancy, nga kryeprokurori i rajonit, Fransua Perain (Fran\u00e7ois P\u00e9rain) dhe prokurori shqiptar, Besim Hajdarmataj.<\/p>\n<p>Prokurori francez e konsideroi rast t\u00eb suksessh\u00ebm bashk\u00ebpunimin me autoritetet shqiptare p\u00ebr identifikimin dhe arrestimin e autor\u00ebve t\u00eb dyshuar.<\/p>\n<p>Prokurori Hajdarmataj e vler\u00ebsoi k\u00ebt\u00eb operacion si \u201cnj\u00eb sinjal t\u00eb qart\u00eb p\u00ebr grupet kriminale shqiptare q\u00eb e konsiderojn\u00eb Shqip\u00ebrin\u00eb si nj\u00eb vend ku mund t\u00eb fshehin gjurm\u00ebt e krimeve t\u00eb kryera n\u00eb Franc\u00eb\u201d.<br \/>\nN\u00eb baz\u00eb t\u00eb hetimit, n\u00eb Franc\u00eb u arrestuan 4 an\u00ebtar\u00eb t\u00eb familjes Kajtazi, t\u00eb drejtuar nga Arif Kajtazi, t\u00eb cil\u00ebt jan\u00eb rezident\u00eb prej vitesh n\u00eb rajonin e Nancy-t.<\/p>\n<p>Nd\u00ebrsa n\u00eb Shqip\u00ebri, me urdh\u00ebr t\u00eb prokurorit Besim Hajdarmataj u ndaluan Besnik Fufi, Alfons Perloka dhe Aleks Marku. P\u00ebr k\u00ebta persona, gjykata p\u00ebr Krime t\u00eb R\u00ebnda ka caktuar mas\u00ebn e sigurimit \u201carrest n\u00eb burg\u201d. Ata dyshohen p\u00ebr kryerjen e veprave penale t\u00eb \u201cvjedhjes\u201d, \u201cpastrimi i produkteve t\u00eb vepr\u00ebs penale\u201d dhe \u201cgrupi i strukturuar kriminal.<\/p>\n<p>N\u00eb baz\u00eb t\u00eb hetimeve t\u00eb p\u00ebrbashk\u00ebta franko-shqiptare rezulton se familja Kajtazi u siguronte Fufit, Perlok\u00ebs dhe Markut banes\u00ebn dhe mjetet p\u00ebr realizimin e vjedhjeve. Tre t\u00eb arrestuarit n\u00eb Shqip\u00ebri, pasi kryenin vjedhjet n\u00eb Franc\u00eb, riktheheshin n\u00eb qytetin e tyre, n\u00eb La\u00e7, ku depozitonin sendet e grabitura.<br \/>\nGrupi i shqiptar\u00ebve ra n\u00eb gjurm\u00eb t\u00eb autoriteteve policore, pasi kishin nisur hetimet p\u00ebr vjedhje n\u00eb seri t\u00eb kryera n\u00eb rajonin e Nansy-t, n\u00eb Franc\u00eb, por edhe n\u00eb Belgjik\u00eb e Itali.<\/p>\n<p>Arrestimi i 7 personave t\u00eb dyshuar u realizua n\u00eb m\u00ebnyr\u00eb t\u00eb nj\u00ebkohshme n\u00eb Franc\u00eb dhe n\u00eb Shqip\u00ebri. P\u00ebr shkak t\u00eb munges\u00ebs s\u00eb marr\u00ebveshjes s\u00eb ekstradimit, tre t\u00eb arrestuarit n\u00eb Shqip\u00ebri do t\u00eb gjykohen nga Gjykata p\u00ebr Krime t\u00eb R\u00ebnda. Nd\u00ebrsa 4 shqiptar\u00ebt e arrestuar n\u00eb Franc\u00eb pritet t\u00eb gjykohen nga autoritetet gjyq\u00ebsore t\u00eb Nancy-t.<\/p>","protected":false},"excerpt":{"rendered":"<p>7 shqiptar\u00eb u vun\u00eb n\u00eb pranga pas nj\u00eb hetimi nd\u00ebrkomb\u00ebtar n\u00eb Franc\u00eb dhe Shqip\u00ebri. T\u00eb arrestuarit akuzohen p\u00ebr vjedhje me forc\u00eb t\u00eb rreth 70 apartamenteve n\u00eb zon\u00ebn e Nancy-t, n\u00eb tre-mujorin e fundit t\u00eb vitit 2018. Vlera e sendeve t\u00eb vjedhura p\u00ebrllogaritet n\u00eb rreth 300 mij\u00eb euro dhe p\u00ebrfshir\u00eb bizhuteri, sende me vler\u00eb dhe para [&hellip;]<\/p>\n","protected":false},"author":4,"featured_media":0,"comment_status":"open","ping_status":"closed","sticky":false,"template":"","format":"standard","meta":{"footnotes":""},"categories":[241,231,235],"tags":[],"class_list":{"0":"post-83821","1":"post","2":"type-post","3":"status-publish","4":"format-standard","6":"category-aktualitet","7":"category-lajme","8":"category-vendi"},"_links":{"self":[{"href":"https:\/\/zjarr.tv\/en\/wp-json\/wp\/v2\/posts\/83821","targetHints":{"allow":["GET"]}}],"collection":[{"href":"https:\/\/zjarr.tv\/en\/wp-json\/wp\/v2\/posts"}],"about":[{"href":"https:\/\/zjarr.tv\/en\/wp-json\/wp\/v2\/types\/post"}],"author":[{"embeddable":true,"href":"https:\/\/zjarr.tv\/en\/wp-json\/wp\/v2\/users\/4"}],"replies":[{"embeddable":true,"href":"https:\/\/zjarr.tv\/en\/wp-json\/wp\/v2\/comments?post=83821"}],"version-history":[{"count":0,"href":"https:\/\/zjarr.tv\/en\/wp-json\/wp\/v2\/posts\/83821\/revisions"}],"wp:attachment":[{"href":"https:\/\/zjarr.tv\/en\/wp-json\/wp\/v2\/media?parent=83821"}],"wp:term":[{"taxonomy":"category","embeddable":true,"href":"https:\/\/zjarr.tv\/en\/wp-json\/wp\/v2\/categories?post=83821"},{"taxonomy":"post_tag","embeddable":true,"href":"https:\/\/zjarr.tv\/en\/wp-json\/wp\/v2\/tags?post=83821"}],"curies":[{"name":"wp","href":"https:\/\/api.w.org\/{rel}","templated":true}]}}