{"id":83835,"date":"2019-05-14T11:46:20","date_gmt":"2019-05-14T09:46:20","guid":{"rendered":"https:\/\/zjarr.tv\/?p=83835"},"modified":"2019-05-14T11:46:20","modified_gmt":"2019-05-14T09:46:20","slug":"u-vra-me-9-prill-pas-grabitjes-ne-rinas-pushohet-ceshtja-per-admir-murataj","status":"publish","type":"post","link":"https:\/\/zjarr.tv\/en\/u-vra-me-9-prill-pas-grabitjes-ne-rinas-pushohet-ceshtja-per-admir-murataj\/","title":{"rendered":"U vra m\u00eb 9 prill pas grabitjes n\u00eb Rinas, pushohet \u00e7\u00ebshtja p\u00ebr Admir Murataj"},"content":{"rendered":"<p>Gjykata e Krimeve t\u00eb R\u00ebnda vendosi pushimin e \u00e7\u00ebshtjes p\u00ebr Admir Murataj. Vendimi u mor pasi prokurori i \u00e7\u00ebshtjes paraqiti n\u00eb seanc\u00eb certifikat\u00ebn e vdekjes nga bashkia e Bajram Currit.<\/p>\n<p>N\u00eb certifikat\u00eb thuhet se Admir Murataj ka vdekur me dat\u00eb 9 prill n\u00eb rrug\u00eb nga nj\u00eb plumb n\u00eb kok\u00eb. N\u00eb gjykat\u00eb u paraqit gjithashtu akti i kqyrjes se kufom\u00ebs dhe aktekspertiza e gjurm\u00ebve t\u00eb gishtave.<\/p>\n<p>Kujtojm\u00eb se Admir Murataj mbeti i vrar\u00eb pasditen e 9 prillit, pas grabitjes s\u00eb vlerave monetare brenda aueroportit t\u00eb Rinasit, nd\u00ebrsa ishte n\u00eb k\u00ebrkim si organizatori i 3 grabitjeve me blinda n\u00eb harkun kohor t\u00eb 2015-2017.<\/p>\n<p>Grupi i tij u d\u00ebnua gjat\u00eb marsit me m\u00eb shum\u00eb se nj\u00eb shekull burg, nd\u00ebr ta edhe v\u00ebllai i Admir Muratajt, Aleksand\u00ebr Murataj.<\/p>","protected":false},"excerpt":{"rendered":"<p>Gjykata e Krimeve t\u00eb R\u00ebnda vendosi pushimin e \u00e7\u00ebshtjes p\u00ebr Admir Murataj. Vendimi u mor pasi prokurori i \u00e7\u00ebshtjes paraqiti n\u00eb seanc\u00eb certifikat\u00ebn e vdekjes nga bashkia e Bajram Currit. N\u00eb certifikat\u00eb thuhet se Admir Murataj ka vdekur me dat\u00eb 9 prill n\u00eb rrug\u00eb nga nj\u00eb plumb n\u00eb kok\u00eb. N\u00eb gjykat\u00eb u paraqit gjithashtu akti [&hellip;]<\/p>\n","protected":false},"author":4,"featured_media":78814,"comment_status":"open","ping_status":"closed","sticky":false,"template":"","format":"standard","meta":{"footnotes":""},"categories":[241,231,235],"tags":[],"class_list":{"0":"post-83835","1":"post","2":"type-post","3":"status-publish","4":"format-standard","5":"has-post-thumbnail","7":"category-aktualitet","8":"category-lajme","9":"category-vendi"},"_links":{"self":[{"href":"https:\/\/zjarr.tv\/en\/wp-json\/wp\/v2\/posts\/83835","targetHints":{"allow":["GET"]}}],"collection":[{"href":"https:\/\/zjarr.tv\/en\/wp-json\/wp\/v2\/posts"}],"about":[{"href":"https:\/\/zjarr.tv\/en\/wp-json\/wp\/v2\/types\/post"}],"author":[{"embeddable":true,"href":"https:\/\/zjarr.tv\/en\/wp-json\/wp\/v2\/users\/4"}],"replies":[{"embeddable":true,"href":"https:\/\/zjarr.tv\/en\/wp-json\/wp\/v2\/comments?post=83835"}],"version-history":[{"count":0,"href":"https:\/\/zjarr.tv\/en\/wp-json\/wp\/v2\/posts\/83835\/revisions"}],"wp:featuredmedia":[{"embeddable":true,"href":"https:\/\/zjarr.tv\/en\/wp-json\/wp\/v2\/media\/78814"}],"wp:attachment":[{"href":"https:\/\/zjarr.tv\/en\/wp-json\/wp\/v2\/media?parent=83835"}],"wp:term":[{"taxonomy":"category","embeddable":true,"href":"https:\/\/zjarr.tv\/en\/wp-json\/wp\/v2\/categories?post=83835"},{"taxonomy":"post_tag","embeddable":true,"href":"https:\/\/zjarr.tv\/en\/wp-json\/wp\/v2\/tags?post=83835"}],"curies":[{"name":"wp","href":"https:\/\/api.w.org\/{rel}","templated":true}]}}