{"id":83859,"date":"2019-05-14T13:07:11","date_gmt":"2019-05-14T11:07:11","guid":{"rendered":"https:\/\/zjarr.tv\/?p=83859"},"modified":"2019-05-14T13:07:11","modified_gmt":"2019-05-14T11:07:11","slug":"thirrje-per-dialog-edhe-nga-zvicra-dhuna-e-papranueshme","status":"publish","type":"post","link":"https:\/\/zjarr.tv\/en\/thirrje-per-dialog-edhe-nga-zvicra-dhuna-e-papranueshme\/","title":{"rendered":"Thirrje p\u00ebr dialog edhe nga Zvicra: Dhuna e papranueshme"},"content":{"rendered":"<p>Ambasadori i Zvicr\u00ebs n\u00eb vendin ton\u00eb, Andre Ma\u00eetre, ka apeluar nga Shkodra pal\u00ebt politike q\u00eb t\u00eb ulen n\u00eb dialog.<\/p>\n<p><em><strong>Matre:\u00a0<\/strong>Ajo q\u00eb \u00ebsht\u00eb e r\u00ebnd\u00ebsishme \u00ebsht\u00eb q\u00eb t\u00eb jesh i gatsh\u00ebm p\u00ebr dialog. Bie dakord me koleg\u00ebt e mi q\u00eb nj\u00eb z\u00ebri kan\u00eb th\u00ebn\u00eb se dhuna, nuk ka r\u00ebnd\u00ebsi nga vjen \u00ebsht\u00eb t\u00ebr\u00ebsisht e papranueshme. N\u00eb vendin tim, n\u00eb Zvic\u00ebr nj\u00eb faktor i r\u00ebnd\u00ebsish\u00ebm ka qen\u00eb gadishm\u00ebria githmon\u00eb p\u00ebr dialog dhe vullneti p\u00ebr t\u00eb arritur gj\u00ebrat.<\/em><\/p>\n<p>I pyetur n\u00ebse mund t\u00eb zhvillohen zgjedhje n\u00eb k\u00ebt\u00eb situat\u00eb, ai tha se ky \u00ebsht\u00eb nj\u00eb vendim t\u00eb cilin do ta marrin shqiptar\u00ebt dhe autoritetet shqiptare.<\/p>\n<p><em><strong>Matre:\u00a0<\/strong>Ajo q\u00eb mund t\u00eb shtoj \u00ebsht\u00eb se zgjedhjet jan\u00eb faktor thelb\u00ebsor i demokracis\u00eb dhe vet\u00eb emri zgjedhje do t\u00eb thot\u00eb t\u00eb kesh mund\u00ebsi t\u00eb zgjedh\u00ebsh mes pal\u00ebve t\u00eb ndryshme.<\/em><\/p>\n<p>Duke komentuar protestat e opozit\u00ebs ai tha se \u00ebsht\u00eb informuar se ka pasur episode dhune.<\/p>\n<p><em>A jan\u00eb protestat e dhunshme?<\/em><\/p>\n<p><em><strong>Matre:<\/strong>\u00a0M\u00eb kan\u00eb informuar q\u00eb ka pasur aspekte t\u00eb dhunshme gjat\u00eb protestave. N\u00ebse ka pasur dhun\u00eb nuk \u00ebsht\u00eb zgjidhje e mir\u00eb. Insistoj se dhuna nuk \u00ebsht\u00eb m\u00ebnyra e duhura p\u00ebr t\u00eb arritur p\u00ebr t\u00eb ecur p\u00ebrpara.<\/em><\/p>\n<p>Por a rrezikon q\u00eb p\u00ebr shkak t\u00eb k\u00ebsaj situate Shqip\u00ebria t\u00eb marr\u00eb nj\u00eb p\u00ebrgjigje negative n\u00eb qershor?<\/p>\n<p><strong><em>Matre:\u00a0<\/em><\/strong><em>\u00a0Zvicra nuk \u00ebsht\u00eb shtet an\u00ebtar i BE-s\u00eb dhe ne respektojm\u00eb plot\u00ebsisht vendimin e BE p\u00ebr t\u00eb ardhmen.<\/em><\/p>","protected":false},"excerpt":{"rendered":"<p>Ambasadori i Zvicr\u00ebs n\u00eb vendin ton\u00eb, Andre Ma\u00eetre, ka apeluar nga Shkodra pal\u00ebt politike q\u00eb t\u00eb ulen n\u00eb dialog. Matre:\u00a0Ajo q\u00eb \u00ebsht\u00eb e r\u00ebnd\u00ebsishme \u00ebsht\u00eb q\u00eb t\u00eb jesh i gatsh\u00ebm p\u00ebr dialog. Bie dakord me koleg\u00ebt e mi q\u00eb nj\u00eb z\u00ebri kan\u00eb th\u00ebn\u00eb se dhuna, nuk ka r\u00ebnd\u00ebsi nga vjen \u00ebsht\u00eb t\u00ebr\u00ebsisht e papranueshme. N\u00eb [&hellip;]<\/p>\n","protected":false},"author":4,"featured_media":83860,"comment_status":"open","ping_status":"closed","sticky":false,"template":"","format":"standard","meta":{"footnotes":""},"categories":[241,231,235],"tags":[],"class_list":{"0":"post-83859","1":"post","2":"type-post","3":"status-publish","4":"format-standard","5":"has-post-thumbnail","7":"category-aktualitet","8":"category-lajme","9":"category-vendi"},"_links":{"self":[{"href":"https:\/\/zjarr.tv\/en\/wp-json\/wp\/v2\/posts\/83859","targetHints":{"allow":["GET"]}}],"collection":[{"href":"https:\/\/zjarr.tv\/en\/wp-json\/wp\/v2\/posts"}],"about":[{"href":"https:\/\/zjarr.tv\/en\/wp-json\/wp\/v2\/types\/post"}],"author":[{"embeddable":true,"href":"https:\/\/zjarr.tv\/en\/wp-json\/wp\/v2\/users\/4"}],"replies":[{"embeddable":true,"href":"https:\/\/zjarr.tv\/en\/wp-json\/wp\/v2\/comments?post=83859"}],"version-history":[{"count":0,"href":"https:\/\/zjarr.tv\/en\/wp-json\/wp\/v2\/posts\/83859\/revisions"}],"wp:featuredmedia":[{"embeddable":true,"href":"https:\/\/zjarr.tv\/en\/wp-json\/wp\/v2\/media\/83860"}],"wp:attachment":[{"href":"https:\/\/zjarr.tv\/en\/wp-json\/wp\/v2\/media?parent=83859"}],"wp:term":[{"taxonomy":"category","embeddable":true,"href":"https:\/\/zjarr.tv\/en\/wp-json\/wp\/v2\/categories?post=83859"},{"taxonomy":"post_tag","embeddable":true,"href":"https:\/\/zjarr.tv\/en\/wp-json\/wp\/v2\/tags?post=83859"}],"curies":[{"name":"wp","href":"https:\/\/api.w.org\/{rel}","templated":true}]}}