{"id":83864,"date":"2019-05-14T13:54:10","date_gmt":"2019-05-14T11:54:10","guid":{"rendered":"https:\/\/zjarr.tv\/?p=83864"},"modified":"2019-05-14T13:54:10","modified_gmt":"2019-05-14T11:54:10","slug":"kriza-rama-miqte-gjermane-te-mireseardhur-por-negociata-nuk-ka","status":"publish","type":"post","link":"https:\/\/zjarr.tv\/en\/kriza-rama-miqte-gjermane-te-mireseardhur-por-negociata-nuk-ka\/","title":{"rendered":"Kriza, Rama: Miqt\u00eb gjerman\u00eb t\u00eb mir\u00ebseardhur, por negociata nuk ka"},"content":{"rendered":"<p>P\u00ebr kryeministrin Rama, dialogu n\u00eb situat\u00ebn ku ndodhet vendi \u00ebsht\u00eb i domosdosh\u00ebm. N\u00eb bashk\u00ebbisedimin me gazetar\u00ebt, Rama u shpreh i vendosur n\u00eb q\u00ebndrimin e tij, se nuk do t\u00eb ket\u00eb shtyrje t\u00eb zgjedhjeve vendore, p\u00ebrtej dat\u00ebs s\u00eb p\u00ebrcaktuar nga Presidenti i Republik\u00ebs.<\/p>\n<p>Rama komentoi edhe gatishm\u00ebrin\u00eb e zyrtar\u00ebve gjerman\u00eb p\u00ebr t\u00eb negociuar kriz\u00ebn, p\u00ebr t\u00eb cil\u00ebn kreu i qeveris\u00eb shqiptare u shpreh se nuk ka nevoj\u00eb p\u00ebr gjerman\u00eb, amerikan\u00eb, holandez francez, norvegjez\u00eb, p\u00ebr tu ulur e p\u00ebr t\u00eb dialoguar, por u shpreh i vendosur n\u00eb nj\u00eb pik\u00eb, nd\u00ebrsa tha se nuk do t\u00eb ket\u00eb negociata p\u00ebr dat\u00ebn e zgjedhjeve.<\/p>\n<p>\u201cShpreh mir\u00ebnjohje p\u00ebr CDU, parti me pesh\u00eb ne PPE q\u00eb i ka r\u00ebn\u00eb p\u00ebr hise edhe PD si an\u00ebtare e familjes, q\u00eb mbajt\u00ebn nj\u00eb q\u00ebndrim korrekt dhe t\u00eb qart\u00eb. P\u00ebrsa i p\u00ebrket dialogut nuk kam nevoj\u00eb as p\u00ebr gjerman\u00eb, amerikan\u00eb, holandez, francez, norvegjez\u00eb, p\u00ebr t\u2019u ulur.<\/p>\n<p>E kam th\u00ebn\u00eb dhe p\u00ebrs\u00ebris dialogu \u00ebsht\u00eb i patjet\u00ebrsuesh\u00ebm dhe i paz\u00ebvend\u00ebsuesh\u00ebm n\u00eb procesin e bashk\u00ebjetes\u00ebs politike n\u00eb nj\u00eb shoq\u00ebri q\u00eb bazohet n\u00eb zgjedhjet e saj te vota. E kam k\u00ebrkuar k\u00ebt\u00eb edhe kur s\u2019kishte kapsolla e fishekzjarr\u00eb. Sot pala tjet\u00ebr dhe vendi kan\u00eb nevoj\u00eb m\u00eb shum\u00eb se asnj\u00ebher\u00eb p\u00ebr dialog, shqiptar\u00ebt nuk ua kan\u00eb borxh politikan\u00ebve.<\/p>\n<p>N\u00eb vend se t\u00eb mendojn\u00eb cdo t\u00eb b\u00ebjn\u00eb me familjen, apo t\u00eb pushojn\u00eb, duhet t\u00eb festojn\u00eb vitin e ri q\u00eb \u00ebnd\u00ebrron imagjinata qesharake e udh\u00ebheq\u00ebsve t\u00eb PD dhe duhet t\u00eb p\u00ebrballojn\u00eb zhurma q\u00eb as p\u00ebr vit t\u00eb ri kur ishin arm\u00ebt sheshit, nuk i d\u00ebgjomin. Sa i p\u00ebrket dialogut nuk diskutohet q\u00eb \u00ebsht\u00eb gjithmon\u00eb i nevojsh\u00ebm p\u00ebr cdo gj\u00eb, jo m\u00eb p\u00ebr t\u00eb krijuar komunikimin mes njer\u00ebzve.<\/p>\n<p>N\u00eb leximin tim miqt\u00eb gjerman\u00eb kan\u00eb shprehur gatishm\u00ebri p\u00ebr t\u00eb ndihmuar, shum\u00eb e mir\u00ebseardhur por negociata nuk ka. N\u00eb kuptimin e nj\u00eb procesi negociatash q\u00eb lidhet me 30 qershorit, nuk negociojm\u00eb kushtetut\u00ebn e Shqip\u00ebris\u00eb. B\u00ebm\u00eb nj\u00eb marr\u00ebveshje n\u00eb 2017 po nuk e negociuam kushtetut\u00ebn. K\u00ebto nuk shtyhen dot asnj\u00eb dit\u00eb, se presidenti mes 23 e 30 zgjodhi 30, e drejt\u00eb e tij. Pra, zgjedhjet do mbahen m\u00eb 30 qershor e n\u00eb k\u00ebt\u00eb pik\u00eb, s\u2019kam asnj\u00eb mund\u00ebsi reale p\u00ebr t\u00eb fantazuar, sepse \u00ebsht\u00eb kushtetuta e Shqip\u00ebris\u00eb. Kam nderin t\u00eb flas n\u00eb em\u00ebr t\u00eb nj\u00eb shumice n\u00eb parlament e n\u00eb popull.\u201d \u2013 u shpreh Rama.<\/p>","protected":false},"excerpt":{"rendered":"<p>P\u00ebr kryeministrin Rama, dialogu n\u00eb situat\u00ebn ku ndodhet vendi \u00ebsht\u00eb i domosdosh\u00ebm. N\u00eb bashk\u00ebbisedimin me gazetar\u00ebt, Rama u shpreh i vendosur n\u00eb q\u00ebndrimin e tij, se nuk do t\u00eb ket\u00eb shtyrje t\u00eb zgjedhjeve vendore, p\u00ebrtej dat\u00ebs s\u00eb p\u00ebrcaktuar nga Presidenti i Republik\u00ebs. Rama komentoi edhe gatishm\u00ebrin\u00eb e zyrtar\u00ebve gjerman\u00eb p\u00ebr t\u00eb negociuar kriz\u00ebn, p\u00ebr t\u00eb [&hellip;]<\/p>\n","protected":false},"author":4,"featured_media":83866,"comment_status":"open","ping_status":"closed","sticky":false,"template":"","format":"standard","meta":{"footnotes":""},"categories":[241,231,235],"tags":[],"class_list":{"0":"post-83864","1":"post","2":"type-post","3":"status-publish","4":"format-standard","5":"has-post-thumbnail","7":"category-aktualitet","8":"category-lajme","9":"category-vendi"},"_links":{"self":[{"href":"https:\/\/zjarr.tv\/en\/wp-json\/wp\/v2\/posts\/83864","targetHints":{"allow":["GET"]}}],"collection":[{"href":"https:\/\/zjarr.tv\/en\/wp-json\/wp\/v2\/posts"}],"about":[{"href":"https:\/\/zjarr.tv\/en\/wp-json\/wp\/v2\/types\/post"}],"author":[{"embeddable":true,"href":"https:\/\/zjarr.tv\/en\/wp-json\/wp\/v2\/users\/4"}],"replies":[{"embeddable":true,"href":"https:\/\/zjarr.tv\/en\/wp-json\/wp\/v2\/comments?post=83864"}],"version-history":[{"count":0,"href":"https:\/\/zjarr.tv\/en\/wp-json\/wp\/v2\/posts\/83864\/revisions"}],"wp:featuredmedia":[{"embeddable":true,"href":"https:\/\/zjarr.tv\/en\/wp-json\/wp\/v2\/media\/83866"}],"wp:attachment":[{"href":"https:\/\/zjarr.tv\/en\/wp-json\/wp\/v2\/media?parent=83864"}],"wp:term":[{"taxonomy":"category","embeddable":true,"href":"https:\/\/zjarr.tv\/en\/wp-json\/wp\/v2\/categories?post=83864"},{"taxonomy":"post_tag","embeddable":true,"href":"https:\/\/zjarr.tv\/en\/wp-json\/wp\/v2\/tags?post=83864"}],"curies":[{"name":"wp","href":"https:\/\/api.w.org\/{rel}","templated":true}]}}