{"id":83872,"date":"2019-05-14T14:26:50","date_gmt":"2019-05-14T12:26:50","guid":{"rendered":"https:\/\/zjarr.tv\/?p=83872"},"modified":"2019-05-14T14:26:50","modified_gmt":"2019-05-14T12:26:50","slug":"rama-kandidaton-per-kryebashkiak-gardistin-e-21-janarit","status":"publish","type":"post","link":"https:\/\/zjarr.tv\/en\/rama-kandidaton-per-kryebashkiak-gardistin-e-21-janarit\/","title":{"rendered":"Rama\/ Kandidaton p\u00ebr kryebashkiak gardistin e 21 janarit"},"content":{"rendered":"<p>Lidhur me vendosjen e Agron Malajt si kandidat p\u00ebr Bashkin\u00eb e Matit, kryeministri Edi Rama ka rr\u00ebfyer dhe arsyet e k\u00ebtij vendimi, ku \u00ebsht\u00eb ricikluar gardisti i 21 Janarit.<\/p>\n<p>Rama tha se\u00a0Agron Malaj ka qen\u00eb pjes\u00eb e gard\u00ebs s\u00eb republik\u00ebs, ka qen\u00eb pjes\u00eb e grupit, po \u00ebsht\u00eb e provuar kat\u00ebrcip\u00ebrisht q\u00eb nuk ka marr\u00eb pjes\u00eb n\u00eb asnj\u00eb moment, n\u00eb asnj\u00eb shkelje t\u00eb ligjit.<\/p>\n<p>\u201cE v\u00ebrteta \u00ebsht\u00eb q\u00eb Agron Malaj ka qen\u00eb pjes\u00eb e gard\u00ebs s\u00eb republik\u00ebs, ka qen\u00eb pjes\u00eb e grupit, po \u00ebsht\u00eb e provuar kat\u00ebrcip\u00ebrisht q\u00eb nuk ka marr\u00eb pjes\u00eb n\u00eb asnj\u00eb moment, n\u00eb asnj\u00eb shkelje t\u00eb ligjit\u201d.<\/p>\n<p>\u201cJuve q\u00eb merreni me informacionin keni t\u00eb gjith\u00eb t\u00eb drejt\u00ebn por edhe detyr\u00ebn, q\u00eb para se ti vendosni njer\u00ebzit n\u00eb nj\u00eb korniz\u00eb shabllon, un\u00eb i kam b\u00ebr\u00eb verifikimet e mia. \u00cbsht\u00eb e v\u00ebrtet\u00eb q\u00eb \u00ebsht\u00eb larguar, p\u00ebr ti dh\u00ebn\u00eb mund\u00ebsi transparenc\u00ebs p\u00ebr t\u00eb gjith\u00eb procesin, po b\u00ebhet shum\u00eb propagand\u00eb me k\u00ebt\u00eb.\u00a0N\u00eb cil\u00ebn sfer\u00eb t\u00eb imagjinat\u00ebs mund t\u00eb shkoja un\u00eb q\u00eb t\u00eb pranoja n\u00eb lidershipin ton\u00eb lokal, nj\u00eb person q\u00eb do t\u00eb ishte fajtor qoft\u00eb edhe moralisht p\u00ebr 21 Janarin. Ai ka informuar imt\u00ebsisht p\u00ebr at\u00eb q\u00eb ka ndodhur\u201d, tha Rama.<\/p>","protected":false},"excerpt":{"rendered":"<p>Lidhur me vendosjen e Agron Malajt si kandidat p\u00ebr Bashkin\u00eb e Matit, kryeministri Edi Rama ka rr\u00ebfyer dhe arsyet e k\u00ebtij vendimi, ku \u00ebsht\u00eb ricikluar gardisti i 21 Janarit. Rama tha se\u00a0Agron Malaj ka qen\u00eb pjes\u00eb e gard\u00ebs s\u00eb republik\u00ebs, ka qen\u00eb pjes\u00eb e grupit, po \u00ebsht\u00eb e provuar kat\u00ebrcip\u00ebrisht q\u00eb nuk ka marr\u00eb pjes\u00eb [&hellip;]<\/p>\n","protected":false},"author":2013,"featured_media":83873,"comment_status":"open","ping_status":"closed","sticky":false,"template":"","format":"standard","meta":{"footnotes":""},"categories":[241,235],"tags":[],"class_list":{"0":"post-83872","1":"post","2":"type-post","3":"status-publish","4":"format-standard","5":"has-post-thumbnail","7":"category-aktualitet","8":"category-vendi"},"_links":{"self":[{"href":"https:\/\/zjarr.tv\/en\/wp-json\/wp\/v2\/posts\/83872","targetHints":{"allow":["GET"]}}],"collection":[{"href":"https:\/\/zjarr.tv\/en\/wp-json\/wp\/v2\/posts"}],"about":[{"href":"https:\/\/zjarr.tv\/en\/wp-json\/wp\/v2\/types\/post"}],"author":[{"embeddable":true,"href":"https:\/\/zjarr.tv\/en\/wp-json\/wp\/v2\/users\/2013"}],"replies":[{"embeddable":true,"href":"https:\/\/zjarr.tv\/en\/wp-json\/wp\/v2\/comments?post=83872"}],"version-history":[{"count":0,"href":"https:\/\/zjarr.tv\/en\/wp-json\/wp\/v2\/posts\/83872\/revisions"}],"wp:featuredmedia":[{"embeddable":true,"href":"https:\/\/zjarr.tv\/en\/wp-json\/wp\/v2\/media\/83873"}],"wp:attachment":[{"href":"https:\/\/zjarr.tv\/en\/wp-json\/wp\/v2\/media?parent=83872"}],"wp:term":[{"taxonomy":"category","embeddable":true,"href":"https:\/\/zjarr.tv\/en\/wp-json\/wp\/v2\/categories?post=83872"},{"taxonomy":"post_tag","embeddable":true,"href":"https:\/\/zjarr.tv\/en\/wp-json\/wp\/v2\/tags?post=83872"}],"curies":[{"name":"wp","href":"https:\/\/api.w.org\/{rel}","templated":true}]}}