{"id":83875,"date":"2019-05-14T14:29:39","date_gmt":"2019-05-14T12:29:39","guid":{"rendered":"https:\/\/zjarr.tv\/?p=83875"},"modified":"2019-05-14T14:29:39","modified_gmt":"2019-05-14T12:29:39","slug":"roamingu-shqiperi-kosove-reduktimi-i-tarifave-fillon-nga-15-qershori-2019","status":"publish","type":"post","link":"https:\/\/zjarr.tv\/en\/roamingu-shqiperi-kosove-reduktimi-i-tarifave-fillon-nga-15-qershori-2019\/","title":{"rendered":"Roamingu Shqip\u00ebri-Kosov\u00eb, reduktimi i tarifave fillon nga 15 qershori 2019"},"content":{"rendered":"<p>Autoritetetet e Komunikimeve Elektronike dhe Postare t\u00eb Shqip\u00ebris\u00eb dhe t\u00eb Kosov\u00ebs kan\u00eb r\u00ebn\u00eb dakord q\u00eb t\u00eb fillojn\u00eb reduktimin e tarifave t\u00eb Roamingut nga data 15 qershor 2019 dhe ta p\u00ebrfundojn\u00eb gradualisht n\u00eb korrik t\u00eb vitit 2021.<\/p>\n<p>Vendimi \u00ebsht\u00eb marr\u00eb n\u00eb mbledhjen e p\u00ebrbashk\u00ebt t\u00eb k\u00ebtyre dy institucioneve q\u00eb u mbajt m\u00eb 11 maj 2019 n\u00eb Tiran\u00eb.<\/p>\n<p>N\u00eb deklarat\u00ebn zyrtare t\u00eb AKEP-it Shqip\u00ebri thuhet se \u201cn\u00eb kuad\u00ebr t\u00eb zbatimit t\u00eb Marr\u00ebveshjes p\u00ebr heqjen e \u00e7mimeve t\u00eb sh\u00ebrbimeve roaming p\u00ebr rrjetet publike t\u00eb komunikimeve t\u00eb l\u00ebvizshme nd\u00ebrmjet Kosov\u00ebs dhe \u00a0Shqip\u00ebris\u00eb, n\u00ebnshkruar n\u00eb Pej\u00eb m\u00eb dat\u00eb 26.11.2018, u organizua mbledhja e p\u00ebrbashk\u00ebt e AKEP-Shqip\u00ebri dhe \u00a0ARKEP-Kosov\u00eb lidhur me procesin e reduktimit t\u00eb tarifave t\u00eb sh\u00ebrbimit roaming p\u00ebr qytetar\u00ebt e Shqip\u00ebris\u00eb dhe Kosov\u00ebs.<\/p>\n<p>T\u00eb dy pal\u00ebt u dakord\u00ebsuan q\u00eb pro\u00e7esi i reduktimit t\u00eb tarifave t\u00eb filloj\u00eb nga data 15 Qershor 2019 fillimisht n\u00ebp\u00ebrmjet aplikimit t\u00eb modelit \u201cRLAH+\u201d, reduktim i cili do t\u00eb sjell\u00eb efekte pozitive t\u00eb menj\u00ebhershme tek qytetar\u00ebt e t\u00eb dy vendeve, dhe n\u00eb vijim heqjen e plot\u00eb t\u00eb tarifave roaming p\u00ebr qytetar\u00ebt e dy vendeve, duke filluar nga 1 korriku 2021 n\u00eb linj\u00eb dhe me Marr\u00ebveshjen Rajonale t\u00eb roamingut kur k\u00ebto tarifa pritet t\u00eb hiqen edhe me 4 vendet e tjera t\u00eb Ballkanit Per\u00ebndimor.<\/p>\n<p>Gjat\u00eb mbledhjes u diskutua p\u00ebr p\u00ebrfitimet q\u00eb do t\u00eb ken\u00eb qytetar\u00ebt e t\u00eb dy vendeve n\u00eb lidhje me reduktimin dhe heqjen e tarifave t\u00eb sh\u00ebrbimet roaming, reduktim i cili do t\u00eb aplikohet sipas principeve t\u00eb modelit t\u00eb aplikuar m\u00eb par\u00eb nga vendet e Bashkimit Evropian \u201cRoam Like At Home (RLAH)\u201d.<\/p>\n<p>Gjithashtu, an\u00ebtar\u00ebt e AKEP dhe ARKEP shpreh\u00ebn angazhimin e tyre maksimal p\u00ebr vazhdimin e pro\u00e7esit t\u00eb reduktimit t\u00eb tarifave roaming sipas modelit RLAH edhe me vendet e tjera t\u00eb rajonit n\u00eb p\u00ebrputhje me marr\u00ebveshjen rajonale t\u00eb n\u00ebnshkruar nga 6 vendet e Ballkanit Per\u00ebndimor me dat\u00eb 4 Prill 2019 n\u00eb Beograd.<\/p>\n<p>&nbsp;<\/p>","protected":false},"excerpt":{"rendered":"<p>Autoritetetet e Komunikimeve Elektronike dhe Postare t\u00eb Shqip\u00ebris\u00eb dhe t\u00eb Kosov\u00ebs kan\u00eb r\u00ebn\u00eb dakord q\u00eb t\u00eb fillojn\u00eb reduktimin e tarifave t\u00eb Roamingut nga data 15 qershor 2019 dhe ta p\u00ebrfundojn\u00eb gradualisht n\u00eb korrik t\u00eb vitit 2021. Vendimi \u00ebsht\u00eb marr\u00eb n\u00eb mbledhjen e p\u00ebrbashk\u00ebt t\u00eb k\u00ebtyre dy institucioneve q\u00eb u mbajt m\u00eb 11 maj 2019 n\u00eb [&hellip;]<\/p>\n","protected":false},"author":2013,"featured_media":64609,"comment_status":"open","ping_status":"closed","sticky":false,"template":"","format":"standard","meta":{"footnotes":""},"categories":[241,235],"tags":[],"class_list":{"0":"post-83875","1":"post","2":"type-post","3":"status-publish","4":"format-standard","5":"has-post-thumbnail","7":"category-aktualitet","8":"category-vendi"},"_links":{"self":[{"href":"https:\/\/zjarr.tv\/en\/wp-json\/wp\/v2\/posts\/83875","targetHints":{"allow":["GET"]}}],"collection":[{"href":"https:\/\/zjarr.tv\/en\/wp-json\/wp\/v2\/posts"}],"about":[{"href":"https:\/\/zjarr.tv\/en\/wp-json\/wp\/v2\/types\/post"}],"author":[{"embeddable":true,"href":"https:\/\/zjarr.tv\/en\/wp-json\/wp\/v2\/users\/2013"}],"replies":[{"embeddable":true,"href":"https:\/\/zjarr.tv\/en\/wp-json\/wp\/v2\/comments?post=83875"}],"version-history":[{"count":0,"href":"https:\/\/zjarr.tv\/en\/wp-json\/wp\/v2\/posts\/83875\/revisions"}],"wp:featuredmedia":[{"embeddable":true,"href":"https:\/\/zjarr.tv\/en\/wp-json\/wp\/v2\/media\/64609"}],"wp:attachment":[{"href":"https:\/\/zjarr.tv\/en\/wp-json\/wp\/v2\/media?parent=83875"}],"wp:term":[{"taxonomy":"category","embeddable":true,"href":"https:\/\/zjarr.tv\/en\/wp-json\/wp\/v2\/categories?post=83875"},{"taxonomy":"post_tag","embeddable":true,"href":"https:\/\/zjarr.tv\/en\/wp-json\/wp\/v2\/tags?post=83875"}],"curies":[{"name":"wp","href":"https:\/\/api.w.org\/{rel}","templated":true}]}}