{"id":83877,"date":"2019-05-14T14:31:47","date_gmt":"2019-05-14T12:31:47","guid":{"rendered":"https:\/\/zjarr.tv\/?p=83877"},"modified":"2019-05-14T14:31:47","modified_gmt":"2019-05-14T12:31:47","slug":"jonida-maliqi-ne-tapetin-portokalli-te-eurosong-2019","status":"publish","type":"post","link":"https:\/\/zjarr.tv\/en\/jonida-maliqi-ne-tapetin-portokalli-te-eurosong-2019\/","title":{"rendered":"Jonida Maliqi n\u00eb tapetin portokalli t\u00eb Eurosong 2019"},"content":{"rendered":"<p>Jonida Maliqi dhe flamuri shqiptar kan\u00eb prekur tapentin portokalli t\u00eb edicionit t\u00eb 64 t\u00eb Eurovision Song Contest 2019, q\u00eb po zhvillohet n\u00eb Tel Aviv. Mbr\u00ebmja e djeshme i \u00ebsht\u00eb kushtuar parakalimeve p\u00ebrpara mediave dhe admiruesve t\u00eb 41 k\u00ebng\u00ebtar\u00ebve dhe ekipeve nga 41 vende pjes\u00ebmarr\u00ebse n\u00eb gar\u00eb, t\u00eb cil\u00ebt kan\u00eb dh\u00ebn\u00eb edhe intervista mbi ndjesit\u00eb e k\u00ebtij festiali, komente mbi simbolik\u00ebn e veshjeve, mesazhet q\u00eb k\u00ebng\u00ebt p\u00ebrcjellin.<\/p>\n<p>Jonida u shpreh: \u201cGjith\u00e7ka \u00ebsht\u00eb e mrekullueshme k\u00ebtu. Jam kaq e lumtur dhe faleminderit Eurovision, falemnderit Izrael!\u2026\u201d<\/p>\n<p>Jondia ka shpjeguar edhe fustanin si ylber q\u00eb ka veshur p\u00ebr k\u00ebt\u00eb nat\u00eb, stilizuar nga stilisti Ardi Asllani, stilist q\u00eb ka fantazuar edhe fustanin skenik t\u00eb Jonid\u00ebs n\u00eb Eurovision.<\/p>\n<p>\u201cN\u00ebse jeta \u00ebsht\u00eb blu ju mund t\u00eb zgjidhni nj\u00eb tjet\u00ebr ngjyr\u00eb nga ylberi. Shijon vizionin t\u00ebnd, jet\u00ebn, sepse jeta \u00ebsht\u00eb t\u00eb p\u00eblqesh nj\u00eb ylber.\u201d<\/p>\n<p>Pyetjes se cfar\u00eb mesazhi t\u00eb fort\u00eb sjell k\u00ebnga \u201cKtheju Tok\u00ebs\u201d, Jonida Maliqi i \u00ebsht\u00eb p\u00ebrgjigjur: \u201c\u00cbsht\u00eb k\u00ebng\u00eb rreth emigracionit, p\u00ebr \u00e7donjerin nga ne. Por nuk \u00ebsht\u00eb personale, \u00ebsht\u00eb globale. Mos harro veten, mos harro rrug\u00ebt, familjen, identitetin. Ky \u00ebsht\u00eb mesazhi. Jam kaq e prekur, kaq krenare, q\u00eb p\u00ebrfaq\u00ebsoj Shqip\u00ebrin\u00eb n\u00eb sken\u00ebn e Eurovizionit.\u201d<\/p>\n<p>K\u00ebnga \u201cKtheju Tok\u00ebs\u201d, shkruar dhe kompozuar nga Eriona Rushiti e k\u00ebnduar nga Jonida Maliqi, fituesja e Festivalit t\u00eb 57 n\u00eb RTSH do t\u00eb konkurroj\u00eb n\u00eb nat\u00ebn e dyt\u00eb gjysm\u00ebfinale t\u00eb Eurovision Song Contest 2019, n\u00eb dat\u00ebn 16 maj e do t\u00eb jet\u00eb e 14 n\u00eb gar\u00eb, e k\u00ebsisoj do t\u00eb p\u00ebrmbaj\u00eb edhe kodin 14 p\u00ebr gjith\u00eb televotuesit shqiptar\u00eb kudo ku ndodhen n\u00ebp\u00ebr bot\u00eb. E q\u00eb kan\u00eb mund\u00ebsin\u00eb ta ndjekin fest\u00ebn m\u00eb t\u00eb madhe europiane t\u00eb k\u00ebng\u00ebs p\u00ebrmes val\u00ebve t\u00eb RTSH n\u00eb datat 14-16 dhe 18 maj kur \u00ebsht\u00eb nata finale.<\/p>\n<p>&nbsp;<\/p>","protected":false},"excerpt":{"rendered":"<p>Jonida Maliqi dhe flamuri shqiptar kan\u00eb prekur tapentin portokalli t\u00eb edicionit t\u00eb 64 t\u00eb Eurovision Song Contest 2019, q\u00eb po zhvillohet n\u00eb Tel Aviv. Mbr\u00ebmja e djeshme i \u00ebsht\u00eb kushtuar parakalimeve p\u00ebrpara mediave dhe admiruesve t\u00eb 41 k\u00ebng\u00ebtar\u00ebve dhe ekipeve nga 41 vende pjes\u00ebmarr\u00ebse n\u00eb gar\u00eb, t\u00eb cil\u00ebt kan\u00eb dh\u00ebn\u00eb edhe intervista mbi ndjesit\u00eb e [&hellip;]<\/p>\n","protected":false},"author":2013,"featured_media":83878,"comment_status":"open","ping_status":"closed","sticky":false,"template":"","format":"standard","meta":{"footnotes":""},"categories":[241,235],"tags":[],"class_list":{"0":"post-83877","1":"post","2":"type-post","3":"status-publish","4":"format-standard","5":"has-post-thumbnail","7":"category-aktualitet","8":"category-vendi"},"_links":{"self":[{"href":"https:\/\/zjarr.tv\/en\/wp-json\/wp\/v2\/posts\/83877","targetHints":{"allow":["GET"]}}],"collection":[{"href":"https:\/\/zjarr.tv\/en\/wp-json\/wp\/v2\/posts"}],"about":[{"href":"https:\/\/zjarr.tv\/en\/wp-json\/wp\/v2\/types\/post"}],"author":[{"embeddable":true,"href":"https:\/\/zjarr.tv\/en\/wp-json\/wp\/v2\/users\/2013"}],"replies":[{"embeddable":true,"href":"https:\/\/zjarr.tv\/en\/wp-json\/wp\/v2\/comments?post=83877"}],"version-history":[{"count":0,"href":"https:\/\/zjarr.tv\/en\/wp-json\/wp\/v2\/posts\/83877\/revisions"}],"wp:featuredmedia":[{"embeddable":true,"href":"https:\/\/zjarr.tv\/en\/wp-json\/wp\/v2\/media\/83878"}],"wp:attachment":[{"href":"https:\/\/zjarr.tv\/en\/wp-json\/wp\/v2\/media?parent=83877"}],"wp:term":[{"taxonomy":"category","embeddable":true,"href":"https:\/\/zjarr.tv\/en\/wp-json\/wp\/v2\/categories?post=83877"},{"taxonomy":"post_tag","embeddable":true,"href":"https:\/\/zjarr.tv\/en\/wp-json\/wp\/v2\/tags?post=83877"}],"curies":[{"name":"wp","href":"https:\/\/api.w.org\/{rel}","templated":true}]}}