{"id":83880,"date":"2019-05-14T14:37:04","date_gmt":"2019-05-14T12:37:04","guid":{"rendered":"https:\/\/zjarr.tv\/?p=83880"},"modified":"2019-05-14T14:37:04","modified_gmt":"2019-05-14T12:37:04","slug":"rama-ironizon-bashen-dhe-kryemadhin","status":"publish","type":"post","link":"https:\/\/zjarr.tv\/en\/rama-ironizon-bashen-dhe-kryemadhin\/","title":{"rendered":"Rama ironizon Bash\u00ebn dhe Kryemadhin"},"content":{"rendered":"<p>Kryeministri Edi Rama tha\u00a0 n\u00eb nj\u00eb takim me gazetar\u00ebt se opozita ka vendosur t\u00eb \u2018vras\u00eb veten\u2019 politikisht me veprimin e daljes nga parlamenti.<\/p>\n<p>Ai ironizoi edhe thirrjet e liderit demokrat teksa e etiketon\u00a0 shefin e qeveris\u00eb si \u201cMaduro i Ballkanit\u201d, nd\u00ebrsa tha se opozita e k\u00ebtij t\u00eb fundit nuk \u00ebsht\u00eb larguar nga parlamenti si\u00e7 kan\u00eb b\u00ebr\u00eb opozitar\u00ebt tan\u00eb.<\/p>\n<p>Mes tjerash, kryeministri i vendit nuk kurseu as ironit\u00eb ndaj kryetares s\u00eb LSI-s\u00eb, ku tha se nuk e di se si i dalin imazhet n\u00eb \u2018filxhan\u2019 se do ket\u00eb shtyrje zgjedhjesh.<\/p>\n<p>\u201cKan\u00eb m\u00ebsuar Madur\u00ebn tani, por opozita e Maduros prej v\u00ebrteti, jo ajo imagjinare nuk \u00ebsht\u00eb larguar nga parlamenti. N\u00eb Egjipt\u00a0 u b\u00ebn\u00eb zgjedhje q\u00eb u lajm\u00ebruan t\u00eb m\u00ebrkur\u00ebn p\u00ebr t\u00eb diel\u00ebn, opozita atje u fut n\u00eb zgjedhje. K\u00ebto loj\u00ebra t\u00eb tyre nuk mund t\u00eb imagjinohen sepse jan\u00eb vet\u00ebvrasje. Ata kan\u00eb vendosur t\u00eb vrasin veten politikisht. Doni q\u00eb t\u00eb iki qeveria, por k\u00eb doni ju kryeminist\u00ebr, por k\u00ebto jan\u00eb fantazira dhe nuk e kuptoj se si dalin edhe n\u00eb filxhan\u201d-tha ai.<\/p>\n<p>&nbsp;<\/p>","protected":false},"excerpt":{"rendered":"<p>Kryeministri Edi Rama tha\u00a0 n\u00eb nj\u00eb takim me gazetar\u00ebt se opozita ka vendosur t\u00eb \u2018vras\u00eb veten\u2019 politikisht me veprimin e daljes nga parlamenti. Ai ironizoi edhe thirrjet e liderit demokrat teksa e etiketon\u00a0 shefin e qeveris\u00eb si \u201cMaduro i Ballkanit\u201d, nd\u00ebrsa tha se opozita e k\u00ebtij t\u00eb fundit nuk \u00ebsht\u00eb larguar nga parlamenti si\u00e7 kan\u00eb [&hellip;]<\/p>\n","protected":false},"author":2013,"featured_media":83866,"comment_status":"open","ping_status":"closed","sticky":false,"template":"","format":"standard","meta":{"footnotes":""},"categories":[241,235],"tags":[],"class_list":{"0":"post-83880","1":"post","2":"type-post","3":"status-publish","4":"format-standard","5":"has-post-thumbnail","7":"category-aktualitet","8":"category-vendi"},"_links":{"self":[{"href":"https:\/\/zjarr.tv\/en\/wp-json\/wp\/v2\/posts\/83880","targetHints":{"allow":["GET"]}}],"collection":[{"href":"https:\/\/zjarr.tv\/en\/wp-json\/wp\/v2\/posts"}],"about":[{"href":"https:\/\/zjarr.tv\/en\/wp-json\/wp\/v2\/types\/post"}],"author":[{"embeddable":true,"href":"https:\/\/zjarr.tv\/en\/wp-json\/wp\/v2\/users\/2013"}],"replies":[{"embeddable":true,"href":"https:\/\/zjarr.tv\/en\/wp-json\/wp\/v2\/comments?post=83880"}],"version-history":[{"count":0,"href":"https:\/\/zjarr.tv\/en\/wp-json\/wp\/v2\/posts\/83880\/revisions"}],"wp:featuredmedia":[{"embeddable":true,"href":"https:\/\/zjarr.tv\/en\/wp-json\/wp\/v2\/media\/83866"}],"wp:attachment":[{"href":"https:\/\/zjarr.tv\/en\/wp-json\/wp\/v2\/media?parent=83880"}],"wp:term":[{"taxonomy":"category","embeddable":true,"href":"https:\/\/zjarr.tv\/en\/wp-json\/wp\/v2\/categories?post=83880"},{"taxonomy":"post_tag","embeddable":true,"href":"https:\/\/zjarr.tv\/en\/wp-json\/wp\/v2\/tags?post=83880"}],"curies":[{"name":"wp","href":"https:\/\/api.w.org\/{rel}","templated":true}]}}