{"id":83904,"date":"2019-05-14T15:08:31","date_gmt":"2019-05-14T13:08:31","guid":{"rendered":"https:\/\/zjarr.tv\/?p=83904"},"modified":"2019-05-14T15:08:31","modified_gmt":"2019-05-14T13:08:31","slug":"gjermania-denon-dhunen-roth-e-papranueshme-mbeshtesim-perspektiven-europiane-te-shqiperise","status":"publish","type":"post","link":"https:\/\/zjarr.tv\/en\/gjermania-denon-dhunen-roth-e-papranueshme-mbeshtesim-perspektiven-europiane-te-shqiperise\/","title":{"rendered":"Gjermania d\u00ebnon dhun\u00ebn, Roth: E papranueshme, mb\u00ebsht\u00ebsim perspektiv\u00ebn europiane t\u00eb Shqip\u00ebris\u00eb"},"content":{"rendered":"<p><em>Gjermania d\u00ebnon dhun\u00ebn e ushtruar n\u00eb protest\u00ebn e fundit t\u00eb opozit\u00ebs. Michael Roth, ministri p\u00ebr \u00e7\u00ebshtjet europiane n\u00eb Gjermani, ka th\u00ebn\u00eb se dhuna \u00ebsht\u00eb e papranueshme, dhe se vendi i tij mb\u00ebshtet perspektiv\u00ebn europiane t\u00eb Shqip\u00ebris\u00eb. Roth reagoi n\u00eb T\u00ebitter, pas takimit q\u00eb pati me Ministrin e Jasht\u00ebm n\u00eb detyr\u00eb, Gent Cakaj.<\/em><\/p>\n<p>Ministri i Shtetit p\u00ebr \u00c7\u00ebshtjet Evropiane n\u00eb Ministrin\u00eb e Jashtme Federale, Michael Roth, ka d\u00ebnuar dhun\u00ebn q\u00eb \u00ebsht\u00eb shfaqur n\u00eb protestat p\u00ebrpara kryeministris\u00eb dhe Parlamentit.<\/p>\n<p>Reagimi i tij ka ardhur pas takimit q\u00eb pati me Ministrin e Jasht\u00ebm n\u00eb detyr\u00eb, Gent Cakaj ku ka adresuar edhe nj\u00eb mesazh p\u00ebr opozit\u00ebn.<\/p>\n<p><em>\u201cJam shum\u00eb i shqet\u00ebsuar nga dhuna e p\u00ebrdorur n\u00eb protest\u00ebn e fundit t\u00eb opozit\u00ebs . Nj\u00eb mesazh shum\u00eb i qart\u00eb p\u00ebr opozit\u00ebn: Dhuna nuk \u00ebsht\u00eb aspak e pranueshme. Nd\u00ebrkoh\u00eb ne vazhdojm\u00eb t\u00eb mb\u00ebsht\u00ebsim perspektiv\u00ebn europiane t\u00eb Shqip\u00ebris\u00eb\u201d.<\/em><\/p>\n<p>Nd\u00ebrkoh\u00eb, zyra e shtypit e Ministris\u00eb s\u00eb Jashtme b\u00ebn me dije se n\u00eb takimin mes Cakajt dhe Roth, ky i fundit ka vler\u00ebsuar progresin e b\u00ebr\u00eb nga Shqip\u00ebria drejt integrimit europian, duke shprehur mb\u00ebshtetje n\u00eb hapjen e negociatave.<\/p>\n<p>Ministri gjerman vler\u00ebsoi ritmin e reformave dhe inkurajoi autoritetet shqiptare t\u00eb vijojn\u00eb me pun\u00ebn e mir\u00eb q\u00eb \u00ebsht\u00eb b\u00ebr\u00eb.<\/p>\n<p><em>\u201cShqip\u00ebria ka avancuar shum\u00eb n\u00eb rrug\u00ebn e integrimit dhe meriton hapjen e negociatave\u201d, u shpreh Ministri Roth.<\/em><\/p>\n<p>Ministrat vler\u00ebsuan se vendimi p\u00ebr hapjen e negociatave \u00ebsht\u00eb i r\u00ebnd\u00ebsis\u00eb strategjike jo vet\u00ebm p\u00ebr t\u00eb shtuar nd\u00ebrlidhjen institucionale, por edhe p\u00ebr Ballkanin Per\u00ebndimor n\u00eb t\u00ebr\u00ebsi dhe se Procesi i Berlinit duhet par\u00eb si instrument i integrimit evropian.<\/p>\n<p>Nd\u00ebrkoh\u00eb, vendimi p\u00ebr \u00e7eljen e negociatave do t\u00eb merret n\u00eb baz\u00eb t\u00eb raportit t\u00eb Komisionit Europian.<\/p>\n<p>&nbsp;<\/p>","protected":false},"excerpt":{"rendered":"<p>Gjermania d\u00ebnon dhun\u00ebn e ushtruar n\u00eb protest\u00ebn e fundit t\u00eb opozit\u00ebs. Michael Roth, ministri p\u00ebr \u00e7\u00ebshtjet europiane n\u00eb Gjermani, ka th\u00ebn\u00eb se dhuna \u00ebsht\u00eb e papranueshme, dhe se vendi i tij mb\u00ebshtet perspektiv\u00ebn europiane t\u00eb Shqip\u00ebris\u00eb. Roth reagoi n\u00eb T\u00ebitter, pas takimit q\u00eb pati me Ministrin e Jasht\u00ebm n\u00eb detyr\u00eb, Gent Cakaj. Ministri i Shtetit [&hellip;]<\/p>\n","protected":false},"author":2013,"featured_media":83905,"comment_status":"open","ping_status":"closed","sticky":false,"template":"","format":"standard","meta":{"footnotes":""},"categories":[241,235],"tags":[],"class_list":{"0":"post-83904","1":"post","2":"type-post","3":"status-publish","4":"format-standard","5":"has-post-thumbnail","7":"category-aktualitet","8":"category-vendi"},"_links":{"self":[{"href":"https:\/\/zjarr.tv\/en\/wp-json\/wp\/v2\/posts\/83904","targetHints":{"allow":["GET"]}}],"collection":[{"href":"https:\/\/zjarr.tv\/en\/wp-json\/wp\/v2\/posts"}],"about":[{"href":"https:\/\/zjarr.tv\/en\/wp-json\/wp\/v2\/types\/post"}],"author":[{"embeddable":true,"href":"https:\/\/zjarr.tv\/en\/wp-json\/wp\/v2\/users\/2013"}],"replies":[{"embeddable":true,"href":"https:\/\/zjarr.tv\/en\/wp-json\/wp\/v2\/comments?post=83904"}],"version-history":[{"count":0,"href":"https:\/\/zjarr.tv\/en\/wp-json\/wp\/v2\/posts\/83904\/revisions"}],"wp:featuredmedia":[{"embeddable":true,"href":"https:\/\/zjarr.tv\/en\/wp-json\/wp\/v2\/media\/83905"}],"wp:attachment":[{"href":"https:\/\/zjarr.tv\/en\/wp-json\/wp\/v2\/media?parent=83904"}],"wp:term":[{"taxonomy":"category","embeddable":true,"href":"https:\/\/zjarr.tv\/en\/wp-json\/wp\/v2\/categories?post=83904"},{"taxonomy":"post_tag","embeddable":true,"href":"https:\/\/zjarr.tv\/en\/wp-json\/wp\/v2\/tags?post=83904"}],"curies":[{"name":"wp","href":"https:\/\/api.w.org\/{rel}","templated":true}]}}