{"id":83907,"date":"2019-05-14T15:10:20","date_gmt":"2019-05-14T13:10:20","guid":{"rendered":"https:\/\/zjarr.tv\/?p=83907"},"modified":"2019-05-14T15:10:20","modified_gmt":"2019-05-14T13:10:20","slug":"terhiqet-kandidati-per-kryebashkiak-ne-lushnje","status":"publish","type":"post","link":"https:\/\/zjarr.tv\/en\/terhiqet-kandidati-per-kryebashkiak-ne-lushnje\/","title":{"rendered":"T\u00ebrhiqet kandidati p\u00ebr kryebashkiak n\u00eb Lushnje"},"content":{"rendered":"<p>Kandidati i Aleanc\u00ebs Kuq e Zi, Adriatik Leka, nj\u00ebher\u00ebsh n\u00ebnkryetar i AK, ka vendosur t\u00eb t\u00ebrhiqet nga gara p\u00ebr kryetar Bashkie n\u00eb Lushnj\u00eb.<\/p>\n<p>Lajmi \u00ebsht\u00eb konfirmuar nga vet\u00eb ai, i cili p\u00ebrmes nj\u00eb postimi n\u00eb rrjetet sociale sqaron edhe arsyet se p\u00ebrse e mori k\u00ebt\u00eb vendim.<\/p>\n<p>\u2018Kurr\u00eb nuk e d\u00ebshiroj q\u00eb n\u00eb k\u00ebto momente kaq t\u00eb v\u00ebshtira p\u00ebr vendin tim t\u00eb b\u00ebhem pal\u00eb e proces zgjedhor ku mban era vandaliz\u00ebm ku mban era gjak.\u2019-shprehet Leka, duke theksuar se q\u00ebllimi i dy forcave kryesore politike \u00ebsht\u00eb gjakderdhja.<\/p>\n<p>Sipas n\u00ebnkryetarit t\u00eb AK-s\u00eb, p\u00ebr ndryshimin e situat\u00ebs politike duhet t\u00eb krijohet qeveria e stabilitetit.<\/p>\n<p><strong>Reagimi i plot\u00eb i Adriatik Leka-jt:<\/strong><\/p>\n<p><em>Situata n\u00eb t\u00eb cil\u00ebn po shkon vendi dhe d\u00ebshira e madhe e dy forcave politike me embrion t\u00eb p\u00ebrbashk\u00ebt p\u00ebr ta futur vendin n\u00eb p\u00ebrplasje fizike me detyron t\u00eb marr nj\u00eb q\u00ebndrim:<\/em><\/p>\n<p><em>Kurr\u00eb nuk e d\u00ebshiroj q\u00eb n\u00eb k\u00ebto momente kaq t\u00eb v\u00ebshtira p\u00ebr vendin tim t\u00eb b\u00ebhem pal\u00eb e proces zgjedhor ku mban era vandaliz\u00ebm ku mban era gjak.<\/em><\/p>\n<p><em>Shqip\u00ebria ime dhe populli im kurr\u00eb nuk e meritojn\u00eb nj\u00eb tragjedi t\u00eb dyt\u00eb nga kjo klas\u00eb politike e mbuluar k\u00ebmb\u00eb e kok\u00eb me kriminalitet dhe korrupsion.<\/em><\/p>\n<p><em>P\u00ebr 28 vite kjo klas\u00eb politike nuk pati vullnetin e mir\u00eb p\u00ebr ta zhvilluar k\u00ebt\u00eb vend t\u00eb bukur .<\/em><\/p>\n<p><em>P\u00ebr 28 vite kjo klas\u00eb politike e vodhi e tjet\u00ebrsoi pron\u00ebn e shpopulloi vendin vet\u00ebm e vet\u00ebm p\u00ebr t\u00eb p\u00ebrvet\u00ebsuar pronat e shqiptar\u00ebve t\u00eb ndersh\u00ebm.<\/em><\/p>\n<p><em>Kjo klas\u00eb politike \u00ebsht\u00eb vazhdim\u00ebsia e grupit kriminal e zbritur nga malet n\u00eb fund vitin 1944 me ndihm\u00ebn e shovinizmit serb e cila sekuestroi pronat pasurit\u00eb e shqiptar\u00ebve demek do t\u00eb krijonte nj\u00eb reform\u00eb agrare por q\u00eb shum\u00eb shpejt i tregoi dh\u00ebmb\u00ebt me kolektivizimi, kolektivizim t\u00eb cilin e shfryt\u00ebzoi mbas 1992 duke i p\u00ebrvet\u00ebsuar pronat dhe pasurit\u00eb e shqiptar\u00ebve.<\/em><\/p>\n<p><em>Sa m\u00eb sip\u00ebr vendos t\u00eb t\u00ebrhiqem nga k\u00ebto zgjedhje t\u00eb mbuluar me hije dyshimi ku p\u00ebr q\u00ebllim kan\u00eb \u00e7uarjen e vendit n\u00eb gjakderdhjes.<\/em><\/p>\n<p><em>ALEANCA KUQ E ZI U RREGJISTRUA N\u00cb K\u00cbTO ZGJEDHJE ME SHPRES\u00cbN SE DO T\u00cb KISHTE VULLNET Q\u00cb KY SISTEM DO T\u00cb SHKULEJ.<\/em><\/p>\n<p><em>KURR\u00cb NUK MUND T\u00cb JEMI M\u00cbKATAR\u00cb N\u00cb K\u00cbT\u00cb PROCES T\u00cb MIRKURDISUR P\u00cbR SITUATA T\u00cb HIDHURA.<\/em><\/p>\n<p><em>VENDI DUHET T\u00cb SHKOJ\u00cb ME \u00c7DO KUSHT DREJT\u00cb QEVERIS\u00cb STABILITETIT KOMB\u00cbTAR.<\/em><\/p>\n<p><em>I B\u00cbJ THIRRJE KRYEMINISTRIT T\u00cb TREGOJ\u00cb NJ\u00cb MOMENT T\u00cb VET\u00cbM BOT\u00cbN E TIJ INTELEKTUALE DHE NJ\u00cbRZORE.<\/em><\/p>\n<p><em>T\u00cb JAP\u00cb DOR\u00cbHEQEN DHE TI JAP\u00cb SHPRES\u00cb NDRYSHIMIT!!<\/em><\/p>\n<p>&nbsp;<\/p>","protected":false},"excerpt":{"rendered":"<p>Kandidati i Aleanc\u00ebs Kuq e Zi, Adriatik Leka, nj\u00ebher\u00ebsh n\u00ebnkryetar i AK, ka vendosur t\u00eb t\u00ebrhiqet nga gara p\u00ebr kryetar Bashkie n\u00eb Lushnj\u00eb. Lajmi \u00ebsht\u00eb konfirmuar nga vet\u00eb ai, i cili p\u00ebrmes nj\u00eb postimi n\u00eb rrjetet sociale sqaron edhe arsyet se p\u00ebrse e mori k\u00ebt\u00eb vendim. \u2018Kurr\u00eb nuk e d\u00ebshiroj q\u00eb n\u00eb k\u00ebto momente kaq [&hellip;]<\/p>\n","protected":false},"author":2013,"featured_media":63597,"comment_status":"open","ping_status":"closed","sticky":false,"template":"","format":"standard","meta":{"footnotes":""},"categories":[241,235],"tags":[],"class_list":{"0":"post-83907","1":"post","2":"type-post","3":"status-publish","4":"format-standard","5":"has-post-thumbnail","7":"category-aktualitet","8":"category-vendi"},"_links":{"self":[{"href":"https:\/\/zjarr.tv\/en\/wp-json\/wp\/v2\/posts\/83907","targetHints":{"allow":["GET"]}}],"collection":[{"href":"https:\/\/zjarr.tv\/en\/wp-json\/wp\/v2\/posts"}],"about":[{"href":"https:\/\/zjarr.tv\/en\/wp-json\/wp\/v2\/types\/post"}],"author":[{"embeddable":true,"href":"https:\/\/zjarr.tv\/en\/wp-json\/wp\/v2\/users\/2013"}],"replies":[{"embeddable":true,"href":"https:\/\/zjarr.tv\/en\/wp-json\/wp\/v2\/comments?post=83907"}],"version-history":[{"count":0,"href":"https:\/\/zjarr.tv\/en\/wp-json\/wp\/v2\/posts\/83907\/revisions"}],"wp:featuredmedia":[{"embeddable":true,"href":"https:\/\/zjarr.tv\/en\/wp-json\/wp\/v2\/media\/63597"}],"wp:attachment":[{"href":"https:\/\/zjarr.tv\/en\/wp-json\/wp\/v2\/media?parent=83907"}],"wp:term":[{"taxonomy":"category","embeddable":true,"href":"https:\/\/zjarr.tv\/en\/wp-json\/wp\/v2\/categories?post=83907"},{"taxonomy":"post_tag","embeddable":true,"href":"https:\/\/zjarr.tv\/en\/wp-json\/wp\/v2\/tags?post=83907"}],"curies":[{"name":"wp","href":"https:\/\/api.w.org\/{rel}","templated":true}]}}