{"id":83909,"date":"2019-05-14T15:11:42","date_gmt":"2019-05-14T13:11:42","guid":{"rendered":"https:\/\/zjarr.tv\/?p=83909"},"modified":"2019-05-14T15:11:42","modified_gmt":"2019-05-14T13:11:42","slug":"rama-tallet-me-cdu-ne-e-ambasadoret-ne-tirane-qe-kerkojne-dialog-dialog-ok-kafe-caj-embelsira","status":"publish","type":"post","link":"https:\/\/zjarr.tv\/en\/rama-tallet-me-cdu-ne-e-ambasadoret-ne-tirane-qe-kerkojne-dialog-dialog-ok-kafe-caj-embelsira\/","title":{"rendered":"Rama tallet me CDU-n\u00eb e ambasador\u00ebt n\u00eb Tiran\u00eb, q\u00eb k\u00ebrkojn\u00eb dialog: Dialog?! Ok..Kafe, \u00e7aj, \u00ebmb\u00eblsira\u2026"},"content":{"rendered":"<p>Dit\u00ebn e djeshme dhe sot, t\u00eb gjith\u00eb ambasador\u00ebt e vendeve per\u00ebndimore n\u00eb Tiran\u00eb (p\u00ebrfshi edhe OSBE dhe CDU-n\u00eb gjermane) kan\u00eb k\u00ebrkuar nga kryeministri Edi Rama q\u00eb t\u00eb ulet t\u00eb dialogoj\u00eb me opozit\u00ebn dhe gjith\u00eb faktor\u00ebt e tjer\u00eb p\u00ebr ti dh\u00ebn\u00eb nj\u00eb zgjidhje p\u00ebrfundimtare kriz\u00ebs s\u00eb paprecedent\u00eb, q\u00eb ka kapluar vendin.<\/p>\n<p>Por cila ishte p\u00ebrgjigjja e sotme e Ram\u00ebs, ndaj thirrjes s\u00eb tyre; Nj\u00eb tallje totale!<\/p>\n<p>\u2018Dialog?! Ok..Kafe, \u00e7aj, \u00ebmb\u00eblsira\u2026 Dialog pa kushte do t\u00eb thot\u00eb ulemi flasim p\u00ebr \u00e7far\u00eb gjerash mund t\u00eb b\u00ebjm\u00eb s\u00eb bashku. Jo q\u00eb t\u00eb ndihet mir\u00eb nj\u00ebra pal\u00eb q\u00eb ka dhimbje koke.<\/p>\n<p>Q\u00eb do t\u00eb thot\u00eb t\u2019i marrim problematikat me radh\u00eb, kush jan\u00eb: Sundimi i ligjit? Dakord hajde ta shohim\u2026 Krijimi i institucioneve, tani po b\u00ebj nj\u00eb udh\u00ebtim n\u00eb imagjinat\u00eb.<\/p>\n<p>Zgjedhjet?<\/p>\n<p>Bukur hajde ta shikojm\u00eb, shit-blerja e vot\u00ebs, patjet\u00ebr! P\u00ebr k\u00ebt\u00eb b\u00ebhet dialogu, nuk ka n\u00eb k\u00ebto kushte dialog q\u00eb t\u00eb negociojm\u00eb dat\u00ebn e zgjedhjeve. Nuk \u00ebsht\u00eb kusht ky nga ana ime, por nuk e kemi n\u00eb dor\u00eb.<\/p>\n<p>Nga ana jon\u00eb s\u2019ka asnj\u00eb mund\u00ebsi t\u00eb shkojm\u00eb p\u00ebrtej 30 qershorit\u2019, ju ktheu p\u00ebrgjigje Rama nd\u00ebrkomb\u00ebtar\u00ebve sot.<\/p>\n<p>&nbsp;<\/p>","protected":false},"excerpt":{"rendered":"<p>Dit\u00ebn e djeshme dhe sot, t\u00eb gjith\u00eb ambasador\u00ebt e vendeve per\u00ebndimore n\u00eb Tiran\u00eb (p\u00ebrfshi edhe OSBE dhe CDU-n\u00eb gjermane) kan\u00eb k\u00ebrkuar nga kryeministri Edi Rama q\u00eb t\u00eb ulet t\u00eb dialogoj\u00eb me opozit\u00ebn dhe gjith\u00eb faktor\u00ebt e tjer\u00eb p\u00ebr ti dh\u00ebn\u00eb nj\u00eb zgjidhje p\u00ebrfundimtare kriz\u00ebs s\u00eb paprecedent\u00eb, q\u00eb ka kapluar vendin. Por cila ishte p\u00ebrgjigjja e [&hellip;]<\/p>\n","protected":false},"author":2013,"featured_media":83866,"comment_status":"open","ping_status":"closed","sticky":false,"template":"","format":"standard","meta":{"footnotes":""},"categories":[241,235],"tags":[],"class_list":{"0":"post-83909","1":"post","2":"type-post","3":"status-publish","4":"format-standard","5":"has-post-thumbnail","7":"category-aktualitet","8":"category-vendi"},"_links":{"self":[{"href":"https:\/\/zjarr.tv\/en\/wp-json\/wp\/v2\/posts\/83909","targetHints":{"allow":["GET"]}}],"collection":[{"href":"https:\/\/zjarr.tv\/en\/wp-json\/wp\/v2\/posts"}],"about":[{"href":"https:\/\/zjarr.tv\/en\/wp-json\/wp\/v2\/types\/post"}],"author":[{"embeddable":true,"href":"https:\/\/zjarr.tv\/en\/wp-json\/wp\/v2\/users\/2013"}],"replies":[{"embeddable":true,"href":"https:\/\/zjarr.tv\/en\/wp-json\/wp\/v2\/comments?post=83909"}],"version-history":[{"count":0,"href":"https:\/\/zjarr.tv\/en\/wp-json\/wp\/v2\/posts\/83909\/revisions"}],"wp:featuredmedia":[{"embeddable":true,"href":"https:\/\/zjarr.tv\/en\/wp-json\/wp\/v2\/media\/83866"}],"wp:attachment":[{"href":"https:\/\/zjarr.tv\/en\/wp-json\/wp\/v2\/media?parent=83909"}],"wp:term":[{"taxonomy":"category","embeddable":true,"href":"https:\/\/zjarr.tv\/en\/wp-json\/wp\/v2\/categories?post=83909"},{"taxonomy":"post_tag","embeddable":true,"href":"https:\/\/zjarr.tv\/en\/wp-json\/wp\/v2\/tags?post=83909"}],"curies":[{"name":"wp","href":"https:\/\/api.w.org\/{rel}","templated":true}]}}