{"id":83927,"date":"2019-05-14T15:37:17","date_gmt":"2019-05-14T13:37:17","guid":{"rendered":"https:\/\/zjarr.tv\/?p=83927"},"modified":"2019-05-14T15:37:17","modified_gmt":"2019-05-14T13:37:17","slug":"protesta-e-11-majit-mbesin-ne-burg-20-te-arrestuar-lirohen-te-tjeret","status":"publish","type":"post","link":"https:\/\/zjarr.tv\/en\/protesta-e-11-majit-mbesin-ne-burg-20-te-arrestuar-lirohen-te-tjeret\/","title":{"rendered":"Protesta e 11 majit, mbesin n\u00eb burg 20 t\u00eb arrestuar, lirohen t\u00eb tjer\u00ebt"},"content":{"rendered":"<p>Gjykata vendos arrest me burg p\u00ebr 20 t\u00eb arrestuar t\u00eb protest\u00ebs s\u00eb 11 majit. Nd\u00ebrkoh\u00eb 11 t\u00eb tjer\u00eb do q\u00ebndrojn\u00eb n\u00eb &#8220;arrest sht\u00ebpie&#8221;<\/p>\n<p>19 jan\u00eb l\u00ebn\u00eb n\u00eb mas\u00ebn &#8216;detyrim paraqitje&#8217; pasi ishin n\u00ebn mosh\u00ebn 19 vje\u00e7.<\/p>\n<p><em>&#8220;Nuk presim tjet\u00ebr nga veglat e Edi Ram\u00ebs. Kur Saimir Tahiri i organizuar p\u00ebr trafik droge hetohet i lir\u00eb nd\u00ebrsa ata q\u00eb luftojn\u00eb p\u00ebr zgjedhje t\u00eb lira dhe t\u00eb ndershme futet n\u00eb pun\u00eb. Ky \u00ebsht\u00eb nj\u00eb gjyq politik. \u00a0Sahit Dollapin e godit\u00ebn \u00a0me plumb plastik dhe e rrah\u00ebn ne shkop gome, keni d\u00ebgjuar ndonj\u00eb arrestim. Fundi i Ram\u00ebs \u00ebsht\u00eb i padiskutuar&#8221;\u00a0<\/em>\u00a0tha Edmond Spaho.<\/p>\n<p><strong>Ne gjykate-\u00a0<\/strong>50 personat e arrestuar dol\u00ebn sot n\u00eb or\u00ebn 10:00 para Gjykat\u00ebs s\u00eb Tiran\u00ebs p\u00ebr vler\u00ebsimin e mas\u00ebs s\u00eb siguris\u00eb.<\/p>\n<p>M\u00ebsohet se policia ka marr\u00eb masa p\u00ebr ruajtjen e ambjenteve t\u00eb gjykat\u00ebs dhe shmangien e incidenteve.<\/p>\n<p><a href=\"http:\/\/oranews.tv\/article\/dhuna-ne-proteste-procedohen-84-persona\">Protestuesit e arrestuar\u00a0<\/a>akuzohen \u00a0p\u00ebr kryerjen e veprave penale \u201cKundershtimi i punonj\u00ebsit t\u00eb policis\u00eb s\u00eb rendit publik\u201d, \u201cGoditje p\u00ebr shkak t\u00eb detyr\u00ebs\u201d, \u201cPrishja e qet\u00ebsis\u00eb publike\u201d, \u201cShkat\u00ebrrimit t\u00eb pron\u00ebs me zjarr\u201d dhe \u201cShkelja e rregullave mbi l\u00ebnd\u00ebt plas\u00ebse, djeg\u00ebse dhe radioaktive\u201d.<\/p>\n<p>Nd\u00ebrkoh\u00eb 34 persona t\u00eb tjer\u00eb jan\u00eb proceduar n\u00eb gjendje t\u00eb lir\u00eb p\u00ebr t\u00eb nj\u00ebjt\u00ebn ngjarje.<\/p>\n<p>Policia b\u00ebri t\u00eb ditur se jan\u00eb 16 efektiv\u00eb t\u00eb saj t\u00eb cil\u00ebt jan\u00eb plagosur \u201cnga goditjet, kund\u00ebrshtimet dhe p\u00ebrdorimi i l\u00ebnd\u00ebve piroteknike, sendeve t\u00eb forta dhe bombave Molotov\u201d.<\/p>\n<p><strong>\u00c7far\u00eb deklaroi kryeministri sot pe te arrestuarit e 11 majit?<\/strong><\/p>\n<p>Ne nj\u00eb konferenc\u00eb p\u00ebr median, kryeministri Rama tha se ata jan\u00eb n\u00eb burg p\u00ebr faj t\u00eb Lulzim Bash\u00ebs, Monika Kryemadhit dhe Saliut.<\/p>\n<p><strong>Edi Rama:<\/strong><em>\u00a0&#8220;Sot ka nj\u00eb gjyq p\u00ebr t\u00eb arrestuarit e t\u00eb shtun\u00ebs, jan\u00eb t\u00eb gjith\u00eb njer\u00ebz t\u00eb zakonsh\u00ebm, njer\u00ebz t\u00eb manipuluar dhe nxitur p\u00ebr t\u00eb b\u00ebr\u00eb dhun\u00eb q\u00eb do ta pyesin me siguri veten: P\u00ebr k\u00eb e b\u00ebra?! Kujt i sh\u00ebrbeva dhe \u00e7far\u00eb fitova?! \u00a0Dhe t\u00eb tjer\u00ebt pas tyre do t\u00eb pyesin veten p\u00ebr k\u00eb po shkoj t\u00eb shkel ligjin, t\u00eb v\u00eb zjarr, edhe t\u00eb p\u00ebrballem me nd\u00ebshkimin q\u00eb ligji jep n\u00eb k\u00ebto raste. Do p\u00ebrmirsohet jeta ime, ekonomia e sht\u00ebpis\u00eb sime, vendi ku un\u00eb jetoj? Absolutisht jo, nuk ka shans. Vet\u00ebm do t\u00eb p\u00ebrkeq\u00ebsohet pozita ime. Nga nj\u00eb njeri i lir\u00eb rrezikoj t\u00eb jem nj\u00eb njeri t\u00eb cilit i \u00ebsht\u00eb hequr liria nga ligji nd\u00ebrkoh\u00eb q\u00eb ata shkojn\u00eb dhe flen\u00eb n\u00eb sht\u00ebpit\u00eb e tyre pasi mbarojn\u00eb pun\u00eb me mikrofonat dhe pasi konsumojn\u00eb \u00a0t\u00eb gjith\u00eb arsenalin ditor t\u00eb gjuh\u00ebs s\u00eb urrejtjes dhe nxitjes s\u00eb dhun\u00ebs. \u00cbsht\u00eb nj\u00eb pyetje q\u00eb t\u00eb gjith\u00eb duhet t&#8217;ja b\u00ebjn\u00eb vetes.&#8221;\u00a0<\/em><\/p>\n<p><em>T\u00eb gjith\u00eb kan\u00eb t\u00eb drejt\u00eb t\u00eb mendojn\u00eb n\u00eb m\u00ebnyra t\u00eb ndryshme dhe forma t\u00eb ndryshme por kush shkon p\u00ebrtej t\u00eb drejt\u00ebs p\u00ebr t\u00eb pasur mendimin dhe q\u00ebndrimin e vet dhe k\u00ebrc\u00ebnon lirin\u00eb dhe t\u00eb drejtat e t\u00eb tjer\u00ebve \u00ebsht\u00eb i tep\u00ebrt n\u00eb territorin ku l\u00ebvizin njer\u00ebzit e lir\u00eb dhe pastaj e vazhdon nj\u00eb pjes\u00eb t\u00eb jet\u00ebs n\u00eb territorin ku shteti mban ata q\u00eb d\u00ebnohen me heqje lirie. Dhe p\u00ebr k\u00eb?! P\u00ebr Lulzim Bash\u00ebn, Monika Kryemadhin, p\u00ebr Saliun, apo t\u00eb tjer\u00ebt me radh\u00eb, njer\u00ebz q\u00eb nuk kan\u00eb asnj\u00eb sens t\u00eb historis\u00eb, asnj\u00eb sens t\u00eb s\u00eb ardhmes por vet\u00ebm t\u00eb gjith\u00eb energjin\u00eb negative q\u00eb prodhon me furi d\u00ebshp\u00ebrimi dhe verb\u00ebria, munges\u00eb e plot\u00eb vizioni, idesh.<\/em><\/p>\n<p>&nbsp;<\/p>","protected":false},"excerpt":{"rendered":"<p>Gjykata vendos arrest me burg p\u00ebr 20 t\u00eb arrestuar t\u00eb protest\u00ebs s\u00eb 11 majit. Nd\u00ebrkoh\u00eb 11 t\u00eb tjer\u00eb do q\u00ebndrojn\u00eb n\u00eb &#8220;arrest sht\u00ebpie&#8221; 19 jan\u00eb l\u00ebn\u00eb n\u00eb mas\u00ebn &#8216;detyrim paraqitje&#8217; pasi ishin n\u00ebn mosh\u00ebn 19 vje\u00e7. &#8220;Nuk presim tjet\u00ebr nga veglat e Edi Ram\u00ebs. Kur Saimir Tahiri i organizuar p\u00ebr trafik droge hetohet i lir\u00eb [&hellip;]<\/p>\n","protected":false},"author":2013,"featured_media":83928,"comment_status":"open","ping_status":"closed","sticky":false,"template":"","format":"standard","meta":{"footnotes":""},"categories":[241,235],"tags":[],"class_list":{"0":"post-83927","1":"post","2":"type-post","3":"status-publish","4":"format-standard","5":"has-post-thumbnail","7":"category-aktualitet","8":"category-vendi"},"_links":{"self":[{"href":"https:\/\/zjarr.tv\/en\/wp-json\/wp\/v2\/posts\/83927","targetHints":{"allow":["GET"]}}],"collection":[{"href":"https:\/\/zjarr.tv\/en\/wp-json\/wp\/v2\/posts"}],"about":[{"href":"https:\/\/zjarr.tv\/en\/wp-json\/wp\/v2\/types\/post"}],"author":[{"embeddable":true,"href":"https:\/\/zjarr.tv\/en\/wp-json\/wp\/v2\/users\/2013"}],"replies":[{"embeddable":true,"href":"https:\/\/zjarr.tv\/en\/wp-json\/wp\/v2\/comments?post=83927"}],"version-history":[{"count":0,"href":"https:\/\/zjarr.tv\/en\/wp-json\/wp\/v2\/posts\/83927\/revisions"}],"wp:featuredmedia":[{"embeddable":true,"href":"https:\/\/zjarr.tv\/en\/wp-json\/wp\/v2\/media\/83928"}],"wp:attachment":[{"href":"https:\/\/zjarr.tv\/en\/wp-json\/wp\/v2\/media?parent=83927"}],"wp:term":[{"taxonomy":"category","embeddable":true,"href":"https:\/\/zjarr.tv\/en\/wp-json\/wp\/v2\/categories?post=83927"},{"taxonomy":"post_tag","embeddable":true,"href":"https:\/\/zjarr.tv\/en\/wp-json\/wp\/v2\/tags?post=83927"}],"curies":[{"name":"wp","href":"https:\/\/api.w.org\/{rel}","templated":true}]}}