{"id":84026,"date":"2019-05-14T17:28:25","date_gmt":"2019-05-14T15:28:25","guid":{"rendered":"https:\/\/zjarr.tv\/?p=84026"},"modified":"2019-05-14T17:28:25","modified_gmt":"2019-05-14T15:28:25","slug":"interpoli-refuzon-urdherarrestin-e-gruevskit","status":"publish","type":"post","link":"https:\/\/zjarr.tv\/en\/interpoli-refuzon-urdherarrestin-e-gruevskit\/","title":{"rendered":"Interpoli refuzon urdh\u00ebrarrestin e Gruevskit"},"content":{"rendered":"<p><em>Prej dy muajsh Interpoli nuk jep asnj\u00eb shpjegim p\u00ebr mos l\u00ebshimin e urdh\u00ebr-arrestit nd\u00ebrkomb\u00ebtar ndaj ish-kryeministrit maqedonas Nikola Gruevski. Ministria e Brendshme e Maqedonis\u00eb s\u00eb Veriut thot\u00eb se nuk ka pengesa ligjore dhe se i ka dor\u00ebzuar t\u00eb gjitha dokumentet. Ish-kryeministri fitoi azilin politik n\u00eb Hungari.<\/em><\/p>\n<p>Autoritetet e Maqedonis\u00eb s\u00eb Veriut dhe Interpoli jan\u00eb p\u00ebrfshir\u00eb n\u00eb nj\u00eb ng\u00ebr\u00e7 n\u00eb lidhje me l\u00ebshimin e urdh\u00ebrarrestit nd\u00ebrkomb\u00ebtar p\u00ebr ish-kryeministrin Nikola Gruevski.<\/p>\n<p>Ministria e Brendshme thot\u00eb se i ka k\u00ebrkuar Interpolit q\u00eb t\u00eb l\u00ebshoj\u00eb urdh\u00ebrarrestin nd\u00ebrkomb\u00ebtar.<\/p>\n<p>Sipas ministrit Oliver Spasovski, p\u00ebrmes Ministris\u00eb s\u00eb Drejt\u00ebsis\u00eb jan\u00eb dor\u00ebzuar t\u00eb gjitha dokumentet e nevojshme dhe pritet miratimi i k\u00ebrkes\u00ebs.<\/p>\n<p>Sipas ministrit nuk ka asnj\u00eb penges\u00eb ligjore, por prokurorja Vilma Ruskovska thot\u00eb se prej dy muajsh k\u00ebrkesa q\u00ebndron pezull dhe Interpoli refuzon ta l\u00ebshoj\u00eb urdh\u00ebrarrestin nd\u00ebrkomb\u00ebtar pa dh\u00ebn\u00eb ndonj\u00eb shpjegim.<\/p>\n<p>Ish-kryeministri Nikolla Gruevski u arratis drejt Hungaris\u00eb pasi nj\u00eb gjykat\u00eb e d\u00ebnoi me dy vjet burg p\u00ebr blerjen e paligjshme t\u00eb nj\u00eb automjeti luksoz.<\/p>\n<p>Qeveria hungareze e kryeministrit Orban i ka dh\u00ebn\u00eb atij statusin e azilantit nd\u00ebrsa autoritetet e Maqedonis\u00eb s\u00eb Veriut vijoj\u00eb t\u00eb k\u00ebrkojn\u00eb ekstradimin e tij.<\/p>\n<p>Nikola Gruevski duhet gjithashtu t\u2019u p\u00ebrgjigjet akuzave p\u00ebr uzurpimin e dhunsh\u00ebm t\u00eb parlamentit n\u00eb Shkup n\u00eb prill t\u00eb vitit 2017.<\/p>\n<p>N\u00ebse gjendet fajtor p\u00ebr k\u00ebto akuza ai mund t\u00eb d\u00ebnohet me burg deri n\u00eb 20 vjet.<\/p>\n<p>&nbsp;<\/p>","protected":false},"excerpt":{"rendered":"<p>Prej dy muajsh Interpoli nuk jep asnj\u00eb shpjegim p\u00ebr mos l\u00ebshimin e urdh\u00ebr-arrestit nd\u00ebrkomb\u00ebtar ndaj ish-kryeministrit maqedonas Nikola Gruevski. Ministria e Brendshme e Maqedonis\u00eb s\u00eb Veriut thot\u00eb se nuk ka pengesa ligjore dhe se i ka dor\u00ebzuar t\u00eb gjitha dokumentet. Ish-kryeministri fitoi azilin politik n\u00eb Hungari. Autoritetet e Maqedonis\u00eb s\u00eb Veriut dhe Interpoli jan\u00eb p\u00ebrfshir\u00eb [&hellip;]<\/p>\n","protected":false},"author":2013,"featured_media":51710,"comment_status":"open","ping_status":"closed","sticky":false,"template":"","format":"standard","meta":{"footnotes":""},"categories":[241,2],"tags":[],"class_list":{"0":"post-84026","1":"post","2":"type-post","3":"status-publish","4":"format-standard","5":"has-post-thumbnail","7":"category-aktualitet","8":"category-rajoni"},"_links":{"self":[{"href":"https:\/\/zjarr.tv\/en\/wp-json\/wp\/v2\/posts\/84026","targetHints":{"allow":["GET"]}}],"collection":[{"href":"https:\/\/zjarr.tv\/en\/wp-json\/wp\/v2\/posts"}],"about":[{"href":"https:\/\/zjarr.tv\/en\/wp-json\/wp\/v2\/types\/post"}],"author":[{"embeddable":true,"href":"https:\/\/zjarr.tv\/en\/wp-json\/wp\/v2\/users\/2013"}],"replies":[{"embeddable":true,"href":"https:\/\/zjarr.tv\/en\/wp-json\/wp\/v2\/comments?post=84026"}],"version-history":[{"count":0,"href":"https:\/\/zjarr.tv\/en\/wp-json\/wp\/v2\/posts\/84026\/revisions"}],"wp:featuredmedia":[{"embeddable":true,"href":"https:\/\/zjarr.tv\/en\/wp-json\/wp\/v2\/media\/51710"}],"wp:attachment":[{"href":"https:\/\/zjarr.tv\/en\/wp-json\/wp\/v2\/media?parent=84026"}],"wp:term":[{"taxonomy":"category","embeddable":true,"href":"https:\/\/zjarr.tv\/en\/wp-json\/wp\/v2\/categories?post=84026"},{"taxonomy":"post_tag","embeddable":true,"href":"https:\/\/zjarr.tv\/en\/wp-json\/wp\/v2\/tags?post=84026"}],"curies":[{"name":"wp","href":"https:\/\/api.w.org\/{rel}","templated":true}]}}