{"id":84028,"date":"2019-05-14T17:29:30","date_gmt":"2019-05-14T15:29:30","guid":{"rendered":"https:\/\/zjarr.tv\/?p=84028"},"modified":"2019-05-14T17:29:30","modified_gmt":"2019-05-14T15:29:30","slug":"haradinaj-dialogu-kosove-serbi-ne-duar-te-sigurta","status":"publish","type":"post","link":"https:\/\/zjarr.tv\/en\/haradinaj-dialogu-kosove-serbi-ne-duar-te-sigurta\/","title":{"rendered":"Haradinaj: Dialogu Kosov\u00eb-Serbi n\u00eb duar t\u00eb sigurta"},"content":{"rendered":"<p>Kryeministri i Kosov\u00ebs, Ramush Haradinaj, tha se procesi i dialogut nd\u00ebrmjet Kosov\u00ebs dhe Serbis\u00eb tani \u00ebsht\u00eb n\u00eb duar t\u00eb sigurta dhe se nuk flitet m\u00eb p\u00ebr ndryshim t\u00eb kufijve.<\/p>\n<p>\u201cNuk mund t&#8217;i paragjykoj proceset me r\u00ebnd\u00ebsi. Tani procesi \u00ebsht\u00eb n\u00eb duar t\u00eb sigurta, i \u00ebsht\u00eb hequr nga duart zonj\u00ebs Federica Mogherini (v.j. shefes s\u00eb politik\u00ebs s\u00eb jashtme t\u00eb Bashkimit Evropian). Nuk rrezikojm\u00eb ndonj\u00eb propozim p\u00ebr ndarje, ka nj\u00eb stabilitet dhe kjo \u00ebsht\u00eb kryesorja\u201d, tha Haradinaj n\u00eb nj\u00eb konferenc\u00eb p\u00ebr media n\u00eb Prishtin\u00eb.<\/p>\n<p>Ai shtoi se Shtetet e Bashkuara t\u00eb Amerik\u00ebs nuk jan\u00eb t\u00ebrhequr asnj\u00ebher\u00eb nga roli i tyre n\u00eb proceset n\u00eb Kosov\u00eb dhe, sipas tij, SHBA-ja &#8220;e di kur t\u00eb marr\u00eb p\u00ebrgjegj\u00ebsit\u00eb n\u00eb proceset e caktuara&#8221;.<\/p>\n<p>Dialogu nd\u00ebrmjet Kosov\u00ebs dhe Serbis\u00eb ka ngecur tash e sa muaj, pasi Serbia e sheh si penges\u00eb p\u00ebr k\u00ebt\u00eb proces taks\u00ebn 100% q\u00eb Kosova u ka v\u00ebn\u00eb prodhimeve t\u00eb importuara nga Serbia qysh n\u00eb n\u00ebntor t\u00eb vitit t\u00eb kaluar.<\/p>\n<p>Megjithat\u00eb, nj\u00eb nivel tjet\u00ebr i dialogut nd\u00ebrmjet lider\u00ebve institucional\u00eb t\u00eb t\u00eb dyja vendeve pritet t\u00eb zhvillohet m\u00eb 1 korrik n\u00eb Paris, n\u00ebn leht\u00ebsimin e presidentit francez, Emanuel Macron, dhe kancelares gjermane, Angela Merkel.<\/p>\n<p>Ideja p\u00ebr ndryshim kufijsh, nd\u00ebrkaq, \u00ebsht\u00eb shpalosur nga president\u00ebt e Kosov\u00ebs dhe Serbis\u00eb, Hashim Tha\u00e7i dhe Aleksandar Vu\u00e7iq, si mund\u00ebsi p\u00ebr normalizimin e marr\u00ebdh\u00ebnieve midis dy vendeve.<\/p>\n<p>Por, ajo ka hasur n\u00eb reagime p\u00ebr dhe kund\u00ebr, si n\u00eb qarqet e brendshme, ashtu edhe n\u00eb ato nd\u00ebrkomb\u00ebtare.<\/p>\n<p>&nbsp;<\/p>","protected":false},"excerpt":{"rendered":"<p>Kryeministri i Kosov\u00ebs, Ramush Haradinaj, tha se procesi i dialogut nd\u00ebrmjet Kosov\u00ebs dhe Serbis\u00eb tani \u00ebsht\u00eb n\u00eb duar t\u00eb sigurta dhe se nuk flitet m\u00eb p\u00ebr ndryshim t\u00eb kufijve. \u201cNuk mund t&#8217;i paragjykoj proceset me r\u00ebnd\u00ebsi. Tani procesi \u00ebsht\u00eb n\u00eb duar t\u00eb sigurta, i \u00ebsht\u00eb hequr nga duart zonj\u00ebs Federica Mogherini (v.j. shefes s\u00eb politik\u00ebs [&hellip;]<\/p>\n","protected":false},"author":2013,"featured_media":69169,"comment_status":"open","ping_status":"closed","sticky":false,"template":"","format":"standard","meta":{"footnotes":""},"categories":[241,2],"tags":[],"class_list":{"0":"post-84028","1":"post","2":"type-post","3":"status-publish","4":"format-standard","5":"has-post-thumbnail","7":"category-aktualitet","8":"category-rajoni"},"_links":{"self":[{"href":"https:\/\/zjarr.tv\/en\/wp-json\/wp\/v2\/posts\/84028","targetHints":{"allow":["GET"]}}],"collection":[{"href":"https:\/\/zjarr.tv\/en\/wp-json\/wp\/v2\/posts"}],"about":[{"href":"https:\/\/zjarr.tv\/en\/wp-json\/wp\/v2\/types\/post"}],"author":[{"embeddable":true,"href":"https:\/\/zjarr.tv\/en\/wp-json\/wp\/v2\/users\/2013"}],"replies":[{"embeddable":true,"href":"https:\/\/zjarr.tv\/en\/wp-json\/wp\/v2\/comments?post=84028"}],"version-history":[{"count":0,"href":"https:\/\/zjarr.tv\/en\/wp-json\/wp\/v2\/posts\/84028\/revisions"}],"wp:featuredmedia":[{"embeddable":true,"href":"https:\/\/zjarr.tv\/en\/wp-json\/wp\/v2\/media\/69169"}],"wp:attachment":[{"href":"https:\/\/zjarr.tv\/en\/wp-json\/wp\/v2\/media?parent=84028"}],"wp:term":[{"taxonomy":"category","embeddable":true,"href":"https:\/\/zjarr.tv\/en\/wp-json\/wp\/v2\/categories?post=84028"},{"taxonomy":"post_tag","embeddable":true,"href":"https:\/\/zjarr.tv\/en\/wp-json\/wp\/v2\/tags?post=84028"}],"curies":[{"name":"wp","href":"https:\/\/api.w.org\/{rel}","templated":true}]}}