{"id":84359,"date":"2019-05-17T15:55:56","date_gmt":"2019-05-17T13:55:56","guid":{"rendered":"https:\/\/zjarr.tv\/?p=84359"},"modified":"2019-05-17T15:55:56","modified_gmt":"2019-05-17T13:55:56","slug":"made-in-albania-meta-te-nxitet-prodhimi-vendas","status":"publish","type":"post","link":"https:\/\/zjarr.tv\/en\/made-in-albania-meta-te-nxitet-prodhimi-vendas\/","title":{"rendered":"\u201cMade in Albania\u201d, Meta: T\u00eb nxitet prodhimi vendas"},"content":{"rendered":"<p>Gjat\u00eb vizit\u00ebs n\u00eb\u00a0 \u201cPanairin e Produkteve\u00a0 Bio n\u00eb C\u00ebrrik\u201d, kreu i shtetit \u00a0Ilir Meta b\u00ebri apel q\u00eb t\u00eb nxitet prodhimi vendas dhe eksporti\u00a0 me sh\u00ebnimin \u201cMade in Albania\u201d.<\/p>\n<p>Ai shkruan n\u00eb \u201cFacebook\u201d se kjo nism\u00eb duhet t\u00eb nis\u00eb s\u00eb pari p\u00ebrmes nj\u00eb strategjie t\u00eb zgjuar marketingu, nd\u00ebrsa shton se nj\u00eb strategji e till\u00eb duhet pasur me mb\u00ebshtetje direkte me grante tek fermer\u00ebt.<\/p>\n<p>Si\u00e7 thekson Meta, promovimi i k\u00ebtyre sukseseve\u00a0 do t\u00eb lul\u00ebzoj\u00eb jo vet\u00ebm jet\u00ebn e C\u00ebrrkiut dhe Elbasanit, por do t\u00eb marr\u00eb nj\u00eb shtrirje komb\u00ebtare n\u00eb nj\u00eb t\u00eb ardhme jo shum\u00eb t\u00eb larg\u00ebt.<\/p>\n<p>Postimi i Met\u00ebs:<\/p>\n<p>Vizit\u00eb mbres\u00ebl\u00ebn\u00ebse n\u00eb Panairin e Produkteve Bio n\u00eb C\u00ebrrik.T\u00eb nxisim prodhimin vendas dhe eksportin e produkteve \u201cMade in Albania\u201d, p\u00ebrmes nj\u00eb marketingu t\u00eb zgjuar e efikas. Grante e kredi t\u00eb buta p\u00ebr fermer\u00ebt e modernizimi i industris\u00eb ushqimore, jan\u00eb faktor nxit\u00ebs p\u00ebr t\u2019i nd\u00ebrkomb\u00ebtarizuar produktet tona si marka n\u00eb tregun rajonal dhe bot\u00ebror.<\/p>\n<p>Promovimi i k\u00ebtyre sukseseve do e lul\u00ebzoj\u00eb, jo vet\u00ebm C\u00ebrrikun e Elbasanin, por edhe Shqip\u00ebrin\u00eb n\u00eb t\u00eb ardhmen e af\u00ebrt, duke sjell\u00eb standardet europiane t\u00eb zhvillimit. Prodho shqip! Bli shqip! Konsumo shqip!\ud83c\udde6\ud83c\uddf1<\/p>\n<p>&nbsp;<\/p>","protected":false},"excerpt":{"rendered":"<p>Gjat\u00eb vizit\u00ebs n\u00eb\u00a0 \u201cPanairin e Produkteve\u00a0 Bio n\u00eb C\u00ebrrik\u201d, kreu i shtetit \u00a0Ilir Meta b\u00ebri apel q\u00eb t\u00eb nxitet prodhimi vendas dhe eksporti\u00a0 me sh\u00ebnimin \u201cMade in Albania\u201d. Ai shkruan n\u00eb \u201cFacebook\u201d se kjo nism\u00eb duhet t\u00eb nis\u00eb s\u00eb pari p\u00ebrmes nj\u00eb strategjie t\u00eb zgjuar marketingu, nd\u00ebrsa shton se nj\u00eb strategji e till\u00eb duhet pasur [&hellip;]<\/p>\n","protected":false},"author":2013,"featured_media":64961,"comment_status":"open","ping_status":"closed","sticky":false,"template":"","format":"standard","meta":{"footnotes":""},"categories":[241,235],"tags":[],"class_list":{"0":"post-84359","1":"post","2":"type-post","3":"status-publish","4":"format-standard","5":"has-post-thumbnail","7":"category-aktualitet","8":"category-vendi"},"_links":{"self":[{"href":"https:\/\/zjarr.tv\/en\/wp-json\/wp\/v2\/posts\/84359","targetHints":{"allow":["GET"]}}],"collection":[{"href":"https:\/\/zjarr.tv\/en\/wp-json\/wp\/v2\/posts"}],"about":[{"href":"https:\/\/zjarr.tv\/en\/wp-json\/wp\/v2\/types\/post"}],"author":[{"embeddable":true,"href":"https:\/\/zjarr.tv\/en\/wp-json\/wp\/v2\/users\/2013"}],"replies":[{"embeddable":true,"href":"https:\/\/zjarr.tv\/en\/wp-json\/wp\/v2\/comments?post=84359"}],"version-history":[{"count":0,"href":"https:\/\/zjarr.tv\/en\/wp-json\/wp\/v2\/posts\/84359\/revisions"}],"wp:featuredmedia":[{"embeddable":true,"href":"https:\/\/zjarr.tv\/en\/wp-json\/wp\/v2\/media\/64961"}],"wp:attachment":[{"href":"https:\/\/zjarr.tv\/en\/wp-json\/wp\/v2\/media?parent=84359"}],"wp:term":[{"taxonomy":"category","embeddable":true,"href":"https:\/\/zjarr.tv\/en\/wp-json\/wp\/v2\/categories?post=84359"},{"taxonomy":"post_tag","embeddable":true,"href":"https:\/\/zjarr.tv\/en\/wp-json\/wp\/v2\/tags?post=84359"}],"curies":[{"name":"wp","href":"https:\/\/api.w.org\/{rel}","templated":true}]}}