{"id":84362,"date":"2019-05-17T15:57:49","date_gmt":"2019-05-17T13:57:49","guid":{"rendered":"https:\/\/zjarr.tv\/?p=84362"},"modified":"2019-05-17T15:57:49","modified_gmt":"2019-05-17T13:57:49","slug":"30-qershori-reagon-shoqeria-civile-eshte-e-paqarte-se-si-po-regjistrohen-kandidatet","status":"publish","type":"post","link":"https:\/\/zjarr.tv\/en\/30-qershori-reagon-shoqeria-civile-eshte-e-paqarte-se-si-po-regjistrohen-kandidatet\/","title":{"rendered":"30 Qershori, reagon Shoq\u00ebria Civile: \u00cbsht\u00eb e paqart\u00eb se si po regjistrohen kandidat\u00ebt"},"content":{"rendered":"<p>Organizatat e Shoq\u00ebris\u00eb Civile q\u00eb monitorojn\u00eb proceset zgjedhore ngren\u00eb alarmin p\u00ebr m\u00ebnyr\u00ebn sesi kandidat p\u00ebr zgjedhjet e 30 qershorit po regjistrohen.<br \/>\nKRIIK Albania nj\u00eb koalicion shoqatash ngre nj\u00eb s\u00ebr\u00eb shqet\u00ebsimesh q\u00eb lidhen me procedurat q\u00eb po ndiqen p\u00ebr kandidat\u00ebt p\u00ebr kryetar\u00eb bashkie, si dhe p\u00ebr an\u00ebtar\u00ebt e k\u00ebshillave kashkiak\u00eb.<\/p>\n<p><strong>Njoftimi i plot\u00eb i KRRIK Alabania<\/strong><\/p>\n<p>Koalicioni p\u00ebr Reforma, Integrim dhe Institucione t\u00eb Konsoliduara (KRIIK Albania) \u00ebsht\u00eb duke ndjekur n\u00eb vazhdim\u00ebsi p\u00ebrgatitjen e procesit zgjedhor p\u00ebr Zgjedhjet Lokale 2019, ve\u00e7an\u00ebrisht vendimmarrjen e Komisionit Qendror t\u00eb Zgjedhjeve (KQZ).<\/p>\n<p>N\u00eb dat\u00eb 17 Maj 2019, KRIIK publikoi DEKLARAT\u00cbN \u201cProcesi i regjistrimit t\u00eb kandidat\u00ebve po ngre pik\u00ebpyetje mbi integritetin e procesit t\u00eb ardhsh\u00ebm zgjedhor\u201d me an\u00eb t\u00eb t\u00eb cilit i b\u00ebn thirrje Komisionit Qendror t\u00eb Zgjedhjeve q\u00eb t\u00eb rimarr\u00eb n\u00eb shqyrtim dhe t\u00eb vendos\u00eb n\u00eb shina ligjore regjistrimin e kandidatit p\u00ebr Kryetar t\u00eb Bashkis\u00eb Lezh\u00eb nga Partia Konservatore Komb\u00ebtare Albania, si dhe, n\u00eb m\u00ebnyr\u00eb urgjente, t\u00eb marr\u00eb masat e duhura p\u00ebr t\u00eb mbikqyrur sa m\u00eb nga af\u00ebr dhe me kujdes t\u00eb gjith\u00eb procesin e regjistrimit t\u00eb kandidat\u00ebve, ve\u00e7an\u00ebrisht nga Komisionet Zonale t\u00eb Administrimit Zgjedhor.<\/p>\n<p>KRIIK konstaton me shqet\u00ebsim se ka paqart\u00ebsi dhe munges\u00eb informacioni qoft\u00eb nga organet e administrimit zgjedhor t\u00eb nivelit t\u00eb dyt\u00eb qoft\u00eb edhe nga aktor\u00eb t\u00eb tjer\u00eb institucional\u00eb e politik\u00eb lidhur me procedur\u00ebn e regjistrimit t\u00eb kandidat\u00ebve. Nd\u00ebrsa Kodi Zgjedhor parashikon se kandidat\u00ebt e propozuar nga partit\u00eb politike q\u00eb nuk kan\u00eb prej 6 muajsh asnj\u00eb mandat n\u00eb Kuvend apo n\u00eb k\u00ebshillin bashkiak ku b\u00ebhet regjistrimi, duhet t\u00eb mb\u00ebshteten nga lista me firma mb\u00ebshtet\u00ebse, Komisioni Qendror i Zgjedhjeve ka regjistruar si kandidat p\u00ebr kryetar n\u00eb Bashkin\u00eb Lezh\u00eb, z. Eduart Ndocaj, t\u00eb propozuar nga Partia Komb\u00ebtare Konservatore Albania, bazuar n\u00eb dokumentacion t\u00eb pasakt\u00eb, si nga Kuvendi i Shqip\u00ebris\u00eb ashtu edhe nga K\u00ebshilli i Bashkis\u00eb Lezh\u00eb, n\u00eb lidhje me zot\u00ebrimin e mandateve nga kjo parti politike n\u00eb k\u00ebto dy organe.<\/p>\n<p>KRIIK i b\u00ebn thirrje Sekretarit t\u00eb P\u00ebrgjithsh\u00ebm t\u00eb Kuvendit t\u00eb Shqip\u00ebris\u00eb dhe kryetar\u00ebve t\u00eb k\u00ebshillave bashkiak\u00eb t\u00eb zbatojn\u00eb n\u00eb frym\u00eb dhe n\u00eb g\u00ebrm\u00eb legjislacionin n\u00eb fuqi n\u00eb lidhje me procesin zgjedhor.<\/p>\n<p>Gjithashtu, KRIIK i sugjeron KQZ-s\u00eb q\u00eb t\u00eb informoj\u00eb n\u00eb m\u00ebnyr\u00eb t\u00eb plot\u00eb dhe t\u00eb qart\u00eb procedurat dhe kriteret q\u00eb duhet t\u00eb zbatohen n\u00eb regjistrimin e kandidat\u00ebve, si p\u00ebr KZAZ-t\u00eb ashtu edhe p\u00ebr aktor\u00ebt e tjer\u00eb, apo publikun e gjer\u00eb.<\/p>\n<p>N\u00eb p\u00ebrfundim, KRIIK sjell n\u00eb v\u00ebmendje se procesi i p\u00ebrzgjedhjes dhe regjistrimit t\u00eb kandidat\u00ebve \u00ebsht\u00eb nj\u00eb proces thelb\u00ebsor p\u00ebr qeverisjen vendore, ve\u00e7an\u00ebrisht n\u00eb pik\u00ebpamje t\u00eb cil\u00ebsis\u00eb s\u00eb kandidat\u00ebve, integritetit dhe moralit q\u00eb ata manifestojn\u00eb e p\u00ebrcjellin, si dhe t\u00eb m\u00ebnyr\u00ebs s\u00eb p\u00ebrzgjedhjes s\u00eb tyre. Por n\u00eb rradh\u00eb t\u00eb par\u00eb ky proces duhet t\u00eb jet\u00eb n\u00eb respekt t\u00eb plot\u00eb afateve, procedurave dhe k\u00ebrkesave t\u00eb ligjit.<\/p>\n<p>&nbsp;<\/p>","protected":false},"excerpt":{"rendered":"<p>Organizatat e Shoq\u00ebris\u00eb Civile q\u00eb monitorojn\u00eb proceset zgjedhore ngren\u00eb alarmin p\u00ebr m\u00ebnyr\u00ebn sesi kandidat p\u00ebr zgjedhjet e 30 qershorit po regjistrohen. KRIIK Albania nj\u00eb koalicion shoqatash ngre nj\u00eb s\u00ebr\u00eb shqet\u00ebsimesh q\u00eb lidhen me procedurat q\u00eb po ndiqen p\u00ebr kandidat\u00ebt p\u00ebr kryetar\u00eb bashkie, si dhe p\u00ebr an\u00ebtar\u00ebt e k\u00ebshillave kashkiak\u00eb. Njoftimi i plot\u00eb i KRRIK Alabania [&hellip;]<\/p>\n","protected":false},"author":2013,"featured_media":36854,"comment_status":"open","ping_status":"closed","sticky":false,"template":"","format":"standard","meta":{"footnotes":""},"categories":[241,235],"tags":[],"class_list":{"0":"post-84362","1":"post","2":"type-post","3":"status-publish","4":"format-standard","5":"has-post-thumbnail","7":"category-aktualitet","8":"category-vendi"},"_links":{"self":[{"href":"https:\/\/zjarr.tv\/en\/wp-json\/wp\/v2\/posts\/84362","targetHints":{"allow":["GET"]}}],"collection":[{"href":"https:\/\/zjarr.tv\/en\/wp-json\/wp\/v2\/posts"}],"about":[{"href":"https:\/\/zjarr.tv\/en\/wp-json\/wp\/v2\/types\/post"}],"author":[{"embeddable":true,"href":"https:\/\/zjarr.tv\/en\/wp-json\/wp\/v2\/users\/2013"}],"replies":[{"embeddable":true,"href":"https:\/\/zjarr.tv\/en\/wp-json\/wp\/v2\/comments?post=84362"}],"version-history":[{"count":0,"href":"https:\/\/zjarr.tv\/en\/wp-json\/wp\/v2\/posts\/84362\/revisions"}],"wp:featuredmedia":[{"embeddable":true,"href":"https:\/\/zjarr.tv\/en\/wp-json\/wp\/v2\/media\/36854"}],"wp:attachment":[{"href":"https:\/\/zjarr.tv\/en\/wp-json\/wp\/v2\/media?parent=84362"}],"wp:term":[{"taxonomy":"category","embeddable":true,"href":"https:\/\/zjarr.tv\/en\/wp-json\/wp\/v2\/categories?post=84362"},{"taxonomy":"post_tag","embeddable":true,"href":"https:\/\/zjarr.tv\/en\/wp-json\/wp\/v2\/tags?post=84362"}],"curies":[{"name":"wp","href":"https:\/\/api.w.org\/{rel}","templated":true}]}}