{"id":84576,"date":"2019-05-18T22:00:59","date_gmt":"2019-05-18T20:00:59","guid":{"rendered":"https:\/\/zjarr.tv\/?p=84576"},"modified":"2019-05-18T17:46:29","modified_gmt":"2019-05-18T15:46:29","slug":"mjeku-akuzohet-per-helmimin-e-17-pacienteve","status":"publish","type":"post","link":"https:\/\/zjarr.tv\/en\/mjeku-akuzohet-per-helmimin-e-17-pacienteve\/","title":{"rendered":"Mjeku akuzohet p\u00ebr helmimin e 17 pacient\u00ebve"},"content":{"rendered":"<p>N\u00eb Franc\u00eb ka nisur hetimi penal p\u00ebr nj\u00eb mjek, i cili akuzohet p\u00ebr helmimin e m\u00eb shum\u00eb se 17 pacient\u00ebve.<\/p>\n<p>Fr\u00e9d\u00e9ric P\u00e9chier, nj\u00eb anesteziolog, \u00ebsht\u00eb hetuar deri tani p\u00ebr shtat\u00eb raste t\u00eb tjera helmimi, nd\u00ebrkoh\u00eb q\u00eb akuzohet p\u00ebr 9 vdekje.<\/p>\n<p>Prokuror\u00ebt pohojn\u00eb se ai ka manipuluar anestezit\u00eb e koleg\u00ebve p\u00ebr t\u00eb krijuar nj\u00eb emergjenc\u00eb dhe p\u00ebr t\u00eb treguar talentin e tij.<\/p>\n<p>P\u00e9chier mohon t\u00eb gjitha akuzat, por do t\u00eb d\u00ebnohet me burgim t\u00eb p\u00ebrjetsh\u00ebm n\u00ebse shpallet fajtor. Avokati i tij, Jean-Yves Le Borgne tha p\u00ebr agjensin\u00eb e lajmeve AFP se hetimi nuk d\u00ebshmoi asgj\u00eb.<\/p>\n<p>&#8220;Ekziston mund\u00ebsia q\u00eb Dr. Pechier ka kryer k\u00ebto helmime, por kjo nuk \u00ebsht\u00eb gj\u00eb tjet\u00ebr ve\u00e7se nj\u00eb hipotez\u00eb Prezumimi i pafaj\u00ebsis\u00eb duhet t\u00eb theksohet,&#8221;\u00a0tha zoti Borgne.<\/p>\n<p>Nj\u00eb gjyqtar hetues n\u00eb qytetin lindor Besan\u00e7on e vendosi nisi hetimin ndaj 47-vjecarit n\u00eb maj t\u00eb vitit 2017 p\u00ebr shtat\u00eb helmimet e para. Mjeku u lirua m\u00eb von\u00eb, por u largua nga puna.<\/p>\n<p>&nbsp;<\/p>","protected":false},"excerpt":{"rendered":"<p>N\u00eb Franc\u00eb ka nisur hetimi penal p\u00ebr nj\u00eb mjek, i cili akuzohet p\u00ebr helmimin e m\u00eb shum\u00eb se 17 pacient\u00ebve. Fr\u00e9d\u00e9ric P\u00e9chier, nj\u00eb anesteziolog, \u00ebsht\u00eb hetuar deri tani p\u00ebr shtat\u00eb raste t\u00eb tjera helmimi, nd\u00ebrkoh\u00eb q\u00eb akuzohet p\u00ebr 9 vdekje. Prokuror\u00ebt pohojn\u00eb se ai ka manipuluar anestezit\u00eb e koleg\u00ebve p\u00ebr t\u00eb krijuar nj\u00eb emergjenc\u00eb dhe [&hellip;]<\/p>\n","protected":false},"author":2013,"featured_media":84577,"comment_status":"open","ping_status":"closed","sticky":false,"template":"","format":"standard","meta":{"footnotes":""},"categories":[241,191],"tags":[],"class_list":{"0":"post-84576","1":"post","2":"type-post","3":"status-publish","4":"format-standard","5":"has-post-thumbnail","7":"category-aktualitet","8":"category-bota"},"_links":{"self":[{"href":"https:\/\/zjarr.tv\/en\/wp-json\/wp\/v2\/posts\/84576","targetHints":{"allow":["GET"]}}],"collection":[{"href":"https:\/\/zjarr.tv\/en\/wp-json\/wp\/v2\/posts"}],"about":[{"href":"https:\/\/zjarr.tv\/en\/wp-json\/wp\/v2\/types\/post"}],"author":[{"embeddable":true,"href":"https:\/\/zjarr.tv\/en\/wp-json\/wp\/v2\/users\/2013"}],"replies":[{"embeddable":true,"href":"https:\/\/zjarr.tv\/en\/wp-json\/wp\/v2\/comments?post=84576"}],"version-history":[{"count":0,"href":"https:\/\/zjarr.tv\/en\/wp-json\/wp\/v2\/posts\/84576\/revisions"}],"wp:featuredmedia":[{"embeddable":true,"href":"https:\/\/zjarr.tv\/en\/wp-json\/wp\/v2\/media\/84577"}],"wp:attachment":[{"href":"https:\/\/zjarr.tv\/en\/wp-json\/wp\/v2\/media?parent=84576"}],"wp:term":[{"taxonomy":"category","embeddable":true,"href":"https:\/\/zjarr.tv\/en\/wp-json\/wp\/v2\/categories?post=84576"},{"taxonomy":"post_tag","embeddable":true,"href":"https:\/\/zjarr.tv\/en\/wp-json\/wp\/v2\/tags?post=84576"}],"curies":[{"name":"wp","href":"https:\/\/api.w.org\/{rel}","templated":true}]}}