{"id":84603,"date":"2019-05-19T12:38:05","date_gmt":"2019-05-19T10:38:05","guid":{"rendered":"https:\/\/zjarr.tv\/?p=84603"},"modified":"2019-05-19T12:38:05","modified_gmt":"2019-05-19T10:38:05","slug":"te-henen-ja-zonat-pa-energji-elektrike","status":"publish","type":"post","link":"https:\/\/zjarr.tv\/en\/te-henen-ja-zonat-pa-energji-elektrike\/","title":{"rendered":"T\u00eb h\u00ebn\u00ebn ja zonat pa energji elektrike"},"content":{"rendered":"<p>Dit\u00ebn e h\u00ebn\u00eb (20 maj) merrni masa pasi n\u00eb disa zona t\u00eb kryeqytetit do t\u00eb ket\u00eb stakim t\u00eb energjis\u00eb elektrike p\u00ebr 6 or\u00eb.<\/p>\n<p>OSHEE njofton se p\u00ebr shkak t\u00eb remontit q\u00eb po kryhet n\u00eb kabina, n\u00eb dat\u00ebn 20 maj do t\u00eb punohet n\u00eb 7 kabina gjat\u00eb intervalit kohor 09:00-15:00.<\/p>\n<p>Pa energji do t\u00eb mbeten Yzberishti pjes\u00ebrisht, pallatet e Minier\u00ebs, rruga &#8220;3 D\u00ebshmor\u00ebt&#8221;, rruga &#8220;Kongresi i Manastirit&#8221;, rruga &#8220;Kujtim Laro&#8221;, rruga &#8220;Sitki \u00c7i\u00e7o&#8221;, rruga &#8220;Ali Demi&#8221;, rruga &#8220;5 Maji&#8221;, rruga &#8220;Ferit Xhajko&#8221;, \u00a0rruga &#8220;Gjon Buzuku&#8221;.<\/p>\n<p>&nbsp;<\/p>","protected":false},"excerpt":{"rendered":"<p>Dit\u00ebn e h\u00ebn\u00eb (20 maj) merrni masa pasi n\u00eb disa zona t\u00eb kryeqytetit do t\u00eb ket\u00eb stakim t\u00eb energjis\u00eb elektrike p\u00ebr 6 or\u00eb. OSHEE njofton se p\u00ebr shkak t\u00eb remontit q\u00eb po kryhet n\u00eb kabina, n\u00eb dat\u00ebn 20 maj do t\u00eb punohet n\u00eb 7 kabina gjat\u00eb intervalit kohor 09:00-15:00. Pa energji do t\u00eb mbeten Yzberishti [&hellip;]<\/p>\n","protected":false},"author":2013,"featured_media":0,"comment_status":"open","ping_status":"closed","sticky":false,"template":"","format":"standard","meta":{"footnotes":""},"categories":[241,235],"tags":[],"class_list":{"0":"post-84603","1":"post","2":"type-post","3":"status-publish","4":"format-standard","6":"category-aktualitet","7":"category-vendi"},"_links":{"self":[{"href":"https:\/\/zjarr.tv\/en\/wp-json\/wp\/v2\/posts\/84603","targetHints":{"allow":["GET"]}}],"collection":[{"href":"https:\/\/zjarr.tv\/en\/wp-json\/wp\/v2\/posts"}],"about":[{"href":"https:\/\/zjarr.tv\/en\/wp-json\/wp\/v2\/types\/post"}],"author":[{"embeddable":true,"href":"https:\/\/zjarr.tv\/en\/wp-json\/wp\/v2\/users\/2013"}],"replies":[{"embeddable":true,"href":"https:\/\/zjarr.tv\/en\/wp-json\/wp\/v2\/comments?post=84603"}],"version-history":[{"count":0,"href":"https:\/\/zjarr.tv\/en\/wp-json\/wp\/v2\/posts\/84603\/revisions"}],"wp:attachment":[{"href":"https:\/\/zjarr.tv\/en\/wp-json\/wp\/v2\/media?parent=84603"}],"wp:term":[{"taxonomy":"category","embeddable":true,"href":"https:\/\/zjarr.tv\/en\/wp-json\/wp\/v2\/categories?post=84603"},{"taxonomy":"post_tag","embeddable":true,"href":"https:\/\/zjarr.tv\/en\/wp-json\/wp\/v2\/tags?post=84603"}],"curies":[{"name":"wp","href":"https:\/\/api.w.org\/{rel}","templated":true}]}}