{"id":84617,"date":"2019-05-19T12:47:03","date_gmt":"2019-05-19T10:47:03","guid":{"rendered":"https:\/\/zjarr.tv\/?p=84617"},"modified":"2019-05-19T12:47:03","modified_gmt":"2019-05-19T10:47:03","slug":"trump-mbeshtet-lejimin-e-abortit-ne-rastet-e-dhunes-dhe-incestit","status":"publish","type":"post","link":"https:\/\/zjarr.tv\/en\/trump-mbeshtet-lejimin-e-abortit-ne-rastet-e-dhunes-dhe-incestit\/","title":{"rendered":"Trump mb\u00ebshtet lejimin e abortit n\u00eb rastet e dhun\u00ebs dhe incestit"},"content":{"rendered":"<p>Presidenti i Shteteve t\u00eb Bashkuara t\u00eb Amerik\u00ebs, Donald Trump, p\u00ebrmes disa postimeve n\u00eb Twitter e ka paraqitur nj\u00eb q\u00ebndrim m\u00eb t\u00eb zbutur p\u00ebr abortin n\u00eb krahasim me ligjin e miratuar nga qeveria e Alabamas.<\/p>\n<p>Alabama tashm\u00eb e lejon abortin vet\u00ebm n\u00ebse rrezikohet seriozisht sh\u00ebndeti i n\u00ebn\u00ebs dhe nuk b\u00ebn p\u00ebrjashtime as p\u00ebr rastet e dhun\u00ebs seksuale dhe incestit. Sidoqoft\u00eb, presidenti tha se nuk \u00ebsht\u00eb kund\u00ebr abortit n\u00eb rastet kur ka pasur dhun\u00eb seksuale dhe incest.<\/p>\n<p>\u201cSi\u00e7 e din\u00eb shumica dhe p\u00ebr ata q\u00eb duan ta din\u00eb, un\u00eb jam fuqish\u00ebm pro jet\u00ebs, me tri p\u00ebrjashtime \u2013 dhuna seksuale, incesti dhe mbrojtja e jet\u00ebs s\u00eb n\u00ebn\u00ebs, nj\u00ebsoj si\u00e7 ka menduar edhe Ronald Reagan\u201d, shkroi Trump n\u00eb Twitter.<\/p>\n<p>Ai tha se aborti do t\u00eb jet\u00eb nj\u00eb nga \u00e7\u00ebshtjet kryesore t\u00eb fushat\u00ebs s\u00eb tij p\u00ebr mandatin e dyt\u00eb presidencial. \u201cE majta radikale ka nd\u00ebrhyr\u00eb n\u00eb k\u00ebt\u00eb \u00e7\u00ebshtje p\u00ebrmes abortit n\u00eb koh\u00eb t\u00eb vonuar. Ne duhet t\u00eb b\u00ebhemi bashk\u00eb dhe t\u00eb fitojm\u00eb p\u00ebr jet\u00ebn m\u00eb 2020. N\u00ebse tregohemi budallenj\u00eb dhe nuk q\u00ebndrojm\u00eb t\u00eb bashkuar si nj\u00eb, t\u00eb gjitha p\u00ebrpjekjet tona p\u00ebr jet\u00ebn do t\u00eb zhduken shpejt\u201d, shtoi ai.<\/p>\n<p>Gjat\u00eb fushat\u00ebs s\u00eb vitit 2016, presidenti amerikan ishte pyetur nga nj\u00eb gazetar i gazet\u00ebs \u201cNew York Times\u201d n\u00ebse ai kishte pasur marr\u00ebdh\u00ebnie me ndonj\u00eb person q\u00eb ka p\u00ebrjetuar abort. Presidenti nuk ishte p\u00ebrgjigjur n\u00eb m\u00ebnyr\u00eb t\u00eb drejtp\u00ebrdrejt\u00eb, por vet\u00ebm kishte th\u00ebn\u00eb se kjo ishte nj\u00eb pyetje interesante, shkruan \u201cThe Guardian\u201d.<\/p>\n<p>&nbsp;<\/p>","protected":false},"excerpt":{"rendered":"<p>Presidenti i Shteteve t\u00eb Bashkuara t\u00eb Amerik\u00ebs, Donald Trump, p\u00ebrmes disa postimeve n\u00eb Twitter e ka paraqitur nj\u00eb q\u00ebndrim m\u00eb t\u00eb zbutur p\u00ebr abortin n\u00eb krahasim me ligjin e miratuar nga qeveria e Alabamas. Alabama tashm\u00eb e lejon abortin vet\u00ebm n\u00ebse rrezikohet seriozisht sh\u00ebndeti i n\u00ebn\u00ebs dhe nuk b\u00ebn p\u00ebrjashtime as p\u00ebr rastet e dhun\u00ebs [&hellip;]<\/p>\n","protected":false},"author":2013,"featured_media":59741,"comment_status":"open","ping_status":"closed","sticky":false,"template":"","format":"standard","meta":{"footnotes":""},"categories":[241,191],"tags":[],"class_list":{"0":"post-84617","1":"post","2":"type-post","3":"status-publish","4":"format-standard","5":"has-post-thumbnail","7":"category-aktualitet","8":"category-bota"},"_links":{"self":[{"href":"https:\/\/zjarr.tv\/en\/wp-json\/wp\/v2\/posts\/84617","targetHints":{"allow":["GET"]}}],"collection":[{"href":"https:\/\/zjarr.tv\/en\/wp-json\/wp\/v2\/posts"}],"about":[{"href":"https:\/\/zjarr.tv\/en\/wp-json\/wp\/v2\/types\/post"}],"author":[{"embeddable":true,"href":"https:\/\/zjarr.tv\/en\/wp-json\/wp\/v2\/users\/2013"}],"replies":[{"embeddable":true,"href":"https:\/\/zjarr.tv\/en\/wp-json\/wp\/v2\/comments?post=84617"}],"version-history":[{"count":0,"href":"https:\/\/zjarr.tv\/en\/wp-json\/wp\/v2\/posts\/84617\/revisions"}],"wp:featuredmedia":[{"embeddable":true,"href":"https:\/\/zjarr.tv\/en\/wp-json\/wp\/v2\/media\/59741"}],"wp:attachment":[{"href":"https:\/\/zjarr.tv\/en\/wp-json\/wp\/v2\/media?parent=84617"}],"wp:term":[{"taxonomy":"category","embeddable":true,"href":"https:\/\/zjarr.tv\/en\/wp-json\/wp\/v2\/categories?post=84617"},{"taxonomy":"post_tag","embeddable":true,"href":"https:\/\/zjarr.tv\/en\/wp-json\/wp\/v2\/tags?post=84617"}],"curies":[{"name":"wp","href":"https:\/\/api.w.org\/{rel}","templated":true}]}}